{"id":5631,"date":"2019-08-21T18:47:17","date_gmt":"2019-08-21T17:47:17","guid":{"rendered":"https:\/\/www.heirsholdings.com\/?p=5631"},"modified":"2024-11-06T11:00:11","modified_gmt":"2024-11-06T10:00:11","slug":"promovendo-a-unidade-africana-forum-de-empreendedorismo-da-fundacao-tony-elumelu","status":"publish","type":"post","link":"https:\/\/www.heirsholdings.com\/pt\/promoting-african-unity-the-tony-elumelu-foundation-entrepreneurship-forum\/","title":{"rendered":"Promovendo a Unidade Africana: F\u00f3rum de Empreendedorismo da Funda\u00e7\u00e3o Tony Elumelu"},"content":{"rendered":"<p><em>Por Adenitan Akinola<\/em><\/p>\n\n\n\n<p><strong><em>\u201cApesar da pot\u00eancia do desporto\/futebol na promo\u00e7\u00e3o da unidade, nunca \u00e9 p\u00e1reo para a converg\u00eancia do f\u00f3rum TEF\u201d<\/em><\/strong><\/p>\n\n\n\n<p>A converg\u00eancia de empres\u00e1rios africanos deste ano no F\u00f3rum de Empreendedorismo da Funda\u00e7\u00e3o Tony Elumelu (TEF) de 2019 foi indiscutivelmente o maior encontro de jovens empres\u00e1rios africanos. Mais impressionante foi o facto de ter sido facilitada por um actor individual n\u00e3o estatal, cujo poder de convoca\u00e7\u00e3o atraiu a presen\u00e7a de cinco l\u00edderes africanos, governadores de estado, l\u00edderes do sector privado, na cidade de Abuja, na Nig\u00e9ria.<\/p>\n\n\n\n<p><strong>Mudan\u00e7a de Paradigma na Ideologia da Economia Africana<\/strong><\/p>\n\n\n\n<p>Durante o per\u00edodo entre as d\u00e9cadas de 1950 e 1980, muitos pa\u00edses africanos, particularmente nas regi\u00f5es Ocidental, Oriental e Central do continente, adoptaram e tentaram adaptar o modelo econ\u00f3mico socialista Marxista-Leninista para impulsionar o crescimento dos novos estados independentes. Tamb\u00e9m adoptou t\u00e1cticas na luta contra o dom\u00ednio colonial noutros pa\u00edses ainda sob o controlo da Europa. Os capitalistas ocidentais foram implac\u00e1veis na perpetua\u00e7\u00e3o do dom\u00ednio imperial p\u00f3s-colonial atrav\u00e9s de ajuda e assist\u00eancia\/subs\u00eddios financeiros. Neste per\u00edodo, mais de 600 mil milh\u00f5es de d\u00f3lares foram transferidos para \u00c1frica sem impacto socioecon\u00f3mico proporcional.<\/p>\n\n\n\n<p>Avan\u00e7ando at\u00e9 ao presente \u2013 o F\u00f3rum de Empreendedorismo TEF de 2019 foi uma revela\u00e7\u00e3o expl\u00edcita da determina\u00e7\u00e3o agressiva do capitalismo em democratizar a economia de todo o continente africano, um projecto liderado pelo sector privado organizado. O passo ambicioso e audacioso de Tony Elumelu, com o seu compromisso de 100 milh\u00f5es de d\u00f3lares para identificar, orientar, formar e financiar 10.000 jovens empreendedores africanos nos 54 pa\u00edses do continente, aparentemente obrigou os l\u00edderes africanos a considerar a op\u00e7\u00e3o redentora do capitalismo (africapitalismo nas palavras de Elumelu) como uma panaceia para acabar com a pobreza e o empobrecimento em \u00c1frica. As institui\u00e7\u00f5es ocidentais de desenvolvimento parecem ser influenciadas pela engenhosidade de Elumelu, uma vez que o Programa das Na\u00e7\u00f5es Unidas para o Desenvolvimento (PNUD) se comprometeu recentemente a apoiar o projecto com o patroc\u00ednio de 100.000 benefici\u00e1rios; o Banco Africano de Desenvolvimento, o Comit\u00e9 Internacional da Cruz Vermelha (CICV), entre outros, tamb\u00e9m se comprometeram a financiar um n\u00famero consider\u00e1vel de jovens empreendedores.<\/p>\n\n\n\n<p>Ser\u00e1 dif\u00edcil, doravante, para os l\u00edderes africanos ignorarem um conceito projectado para mobilizar fundos para milh\u00f5es de jovens do continente.<\/p>\n\n\n\n<p><strong>PMES AO RESGATE<\/strong><\/p>\n\n\n\n<p>Foi consenso entre oradores e delegados no F\u00f3rum TEF deste ano que a economia africana s\u00f3 pode ser transformada com investimentos maci\u00e7os em pequenas e m\u00e9dias empresas. Portanto, o capital inicial de 5.000 d\u00f3lares para cada candidato selecionado, oferecido pela Funda\u00e7\u00e3o Tony Elumelu atrav\u00e9s do seu principal Programa de Empreendedorismo, apresenta um modelo confi\u00e1vel para financiar PMEs de capital inicial, ao mesmo tempo que acompanha o seu progresso. A CEO da Funda\u00e7\u00e3o, Ifeyinwa Ugochukwu, afirmou no seu discurso que para capacitar 1 milh\u00e3o de jovens africanos seriam necess\u00e1rios 5 mil milh\u00f5es de d\u00f3lares. Estes 1 milh\u00e3o de empres\u00e1rios criariam ent\u00e3o 25 milh\u00f5es de empregos de que o continente necessita desesperadamente. Evidentemente, Fareed Zakari, o \u00e2ncora do GPS da CNN que moderou o di\u00e1logo presidencial envolvendo chefes de governo de cinco pa\u00edses africanos, declarou que 85% de empregos na Europa nos \u00faltimos 5 anos foram criados por PME. A sua opini\u00e3o corrobora uma declara\u00e7\u00e3o anterior do Vice-Presidente nigeriano, Prof. Yemi Osinbajo, que deu testemunho de alguns jovens africanos que est\u00e3o a fazer uma declara\u00e7\u00e3o continental e global atrav\u00e9s da sua inova\u00e7\u00e3o e do seu empreendimento.<\/p>\n\n\n\n<figure class=\"wp-block-image\"><img decoding=\"async\" src=\"https:\/\/www.tonyelumelufoundation.org\/wp-content\/uploads\/2019\/07\/Photo1.png\" alt=\"\" class=\"wp-image-9126\"><\/figure>\n\n\n\n<p><strong>Ator N\u00e3o Estatal como Agente de Integra\u00e7\u00e3o Africana e Desenvolvimento Socioecon\u00f3mico<\/strong><\/p>\n\n\n\n<p>Desde a ades\u00e3o \u00e0 Organiza\u00e7\u00e3o da Unidade Africana, OUA, as na\u00e7\u00f5es africanas t\u00eam lutado para alcan\u00e7ar a unidade. Para al\u00e9m de um sucesso significativo na luta contra o colonialismo, existem ainda marcos significativos a serem alcan\u00e7ados pela organiza\u00e7\u00e3o, agora nos seus 39 anos de exist\u00eancia.<\/p>\n\n\n\n<p>No entanto, a converg\u00eancia de milhares de jovens de todo o continente \u00e9 bastante fenomenal e assinala um novo amanhecer no Renascimento socioecon\u00f3mico e na unidade africana. Pois o que mais une as pessoas \u00e9 o interesse econ\u00f3mico. Este evento, que foi o quinto da s\u00e9rie, \u00e9 indiscutivelmente a primeira vez que os jovens africanos se reuniriam em qualquer lugar do continente para envolver os seus governos, interagir uns com os outros e formar parcerias para a prosperidade (agora, gra\u00e7as \u00e0 Funda\u00e7\u00e3o Tony Elumelu, tenho amigos no Chade, Qu\u00e9nia, Tanz\u00e2nia e Zimbabu\u00e9).<\/p>\n\n\n\n<p>Apesar da pot\u00eancia do desporto\/futebol na promo\u00e7\u00e3o da unidade, nunca \u00e9 p\u00e1reo para a converg\u00eancia do f\u00f3rum TEF.<\/p>\n\n\n\n<p>Por implica\u00e7\u00e3o, o que a OUA\/UA n\u00e3o conseguiu alcan\u00e7ar nas esferas econ\u00f3mica, social ou pol\u00edtica foi pioneiro apenas por um interveniente individual no sector privado \u2013 Tony Elumelu. \u00c9, portanto, instrutivo que os l\u00edderes africanos, sem muito barulho, se envolvam neste conceito que pode servir como uma ferramenta verific\u00e1vel de desenvolvimento econ\u00f3mico, promo\u00e7\u00e3o da unidade africana, participa\u00e7\u00e3o dos jovens e fim do terrorismo continental.<\/p>\n\n\n\n<figure class=\"wp-block-image\"><img decoding=\"async\" src=\"https:\/\/www.tonyelumelufoundation.org\/wp-content\/uploads\/2019\/07\/photo-2.png\" alt=\"\" class=\"wp-image-9127\"><\/figure>\n\n\n\n<p><strong>Espelhar a Unidade Africana atrav\u00e9s da TEF<\/strong><\/p>\n\n\n\n<p>N\u00e3o obstante a minha observa\u00e7\u00e3o acima sobre a pot\u00eancia deste esfor\u00e7o individual singular para promover a coes\u00e3o e a integra\u00e7\u00e3o continentais, o evento manifestou claramente a divis\u00e3o cont\u00ednua entre os 54 pa\u00edses africanos. Durante os dois dias do Programa, observei com grande interesse as na\u00e7\u00f5es participantes, notei que a \u00c1frica do Norte e a \u00c1frica Austral n\u00e3o estavam t\u00e3o representadas em n\u00fameros como os seus hom\u00f3logos ocidentais e orientais.<\/p>\n\n\n\n<p><strong>Lacuna entre moradores rurais e urbanos<\/strong><\/p>\n\n\n\n<p>Apesar dos \u00f3bvios esfor\u00e7os conscientes da Funda\u00e7\u00e3o Tony Elumelu para aumentar o n\u00famero de candidatos nas zonas rurais para o seu Programa de Empreendedorismo (e, mais recentemente, lan\u00e7ou uma parceria com o PNUD para capacitar 100.000 jovens empres\u00e1rios africanos com foco nos moradores rurais), \u00e9 necess\u00e1rio que haja um esfor\u00e7o mais consciente para incluir moradores rurais no F\u00f3rum para equilibrar a representa\u00e7\u00e3o entre os participantes. Devem continuar a ser feitos esfor\u00e7os conscientes para criar mais oportunidades nas zonas rurais.<\/p>\n\n\n\n<div class=\"wp-block-image\"><figure class=\"aligncenter\"><img decoding=\"async\" src=\"https:\/\/www.tonyelumelufoundation.org\/wp-content\/uploads\/2019\/08\/48403011661_34497798b1_o-1.jpg\" alt=\"\" class=\"wp-image-9212\"><\/figure><\/div>\n\n\n\n<p><strong>Conclus\u00e3o<\/strong><\/p>\n\n\n\n<p>Embora o sistema capitalista forne\u00e7a sempre o espa\u00e7o e a pol\u00edtica para que as pessoas inclinadas a doadores e institui\u00e7\u00f5es de caridade recuperem o seu investimento, vale a pena imitar o exemplo do pioneiro Tony Elumelu para reduzir a frustra\u00e7\u00e3o \u00f3bvia que poderia levar a cat\u00e1strofes se a desesperan\u00e7a entre os jovens em \u00c1frica continua inabal\u00e1vel.<\/p>","protected":false},"excerpt":{"rendered":"<p>Por Adenitan Akinola \"Apesar da pot\u00eancia do desporto\/futebol na promo\u00e7\u00e3o da unidade, nunca \u00e9 p\u00e1reo para a converg\u00eancia do f\u00f3rum TEF\" A converg\u00eancia de empres\u00e1rios africanos deste ano no F\u00f3rum de Empreendedorismo da Funda\u00e7\u00e3o Tony Elumelu (TEF) de 2019 foi indiscutivelmente o maior encontro de jovens empres\u00e1rios africanos. Mais impressionante foi o facto de ter sido facilitado por ...<\/p>","protected":false},"author":5,"featured_media":4390,"comment_status":"open","ping_status":"closed","sticky":false,"template":"","format":"standard","meta":{"_exactmetrics_skip_tracking":false,"_exactmetrics_sitenote_active":false,"_exactmetrics_sitenote_note":"","_exactmetrics_sitenote_category":0,"cybocfi_hide_featured_image":"","footnotes":""},"categories":[8,159,15],"tags":[43,46,45,19,42,49,40,41,55,44,31,47,22],"class_list":["post-5631","post","type-post","status-publish","format-standard","has-post-thumbnail","hentry","category-news","category-philanthropy","category-press-releases","tag-africa","tag-african-entrepreneur","tag-african-investment-company","tag-africapitalism","tag-business-turn-around","tag-corporate-governance","tag-finance","tag-financial-services","tag-heirs-holdings","tag-long-term-investments","tag-power","tag-toe-way","tag-tony-elumelu"],"_links":{"self":[{"href":"https:\/\/www.heirsholdings.com\/pt\/wp-json\/wp\/v2\/posts\/5631","targetHints":{"allow":["GET"]}}],"collection":[{"href":"https:\/\/www.heirsholdings.com\/pt\/wp-json\/wp\/v2\/posts"}],"about":[{"href":"https:\/\/www.heirsholdings.com\/pt\/wp-json\/wp\/v2\/types\/post"}],"author":[{"embeddable":true,"href":"https:\/\/www.heirsholdings.com\/pt\/wp-json\/wp\/v2\/users\/5"}],"replies":[{"embeddable":true,"href":"https:\/\/www.heirsholdings.com\/pt\/wp-json\/wp\/v2\/comments?post=5631"}],"version-history":[{"count":1,"href":"https:\/\/www.heirsholdings.com\/pt\/wp-json\/wp\/v2\/posts\/5631\/revisions"}],"predecessor-version":[{"id":5632,"href":"https:\/\/www.heirsholdings.com\/pt\/wp-json\/wp\/v2\/posts\/5631\/revisions\/5632"}],"wp:featuredmedia":[{"embeddable":true,"href":"https:\/\/www.heirsholdings.com\/pt\/wp-json\/wp\/v2\/media\/4390"}],"wp:attachment":[{"href":"https:\/\/www.heirsholdings.com\/pt\/wp-json\/wp\/v2\/media?parent=5631"}],"wp:term":[{"taxonomy":"category","embeddable":true,"href":"https:\/\/www.heirsholdings.com\/pt\/wp-json\/wp\/v2\/categories?post=5631"},{"taxonomy":"post_tag","embeddable":true,"href":"https:\/\/www.heirsholdings.com\/pt\/wp-json\/wp\/v2\/tags?post=5631"}],"curies":[{"name":"wp","href":"https:\/\/api.w.org\/{rel}","templated":true}]}}