{"id":26371,"date":"2025-10-23T10:56:27","date_gmt":"2025-10-23T09:56:27","guid":{"rendered":"https:\/\/www.heirsholdings.com\/?p=26371"},"modified":"2025-10-23T11:21:25","modified_gmt":"2025-10-23T10:21:25","slug":"tony-elumelus-discurso-de-abertura-da-cimeira-de-investimento-empresarialabuja-expo-2025","status":"publish","type":"post","link":"https:\/\/www.heirsholdings.com\/pt\/tony-elumelus-keynote-remarks-at-theabuja-business-investment-summit-expo-2025\/","title":{"rendered":"Discurso de Tony Elumelu na Cimeira de Neg\u00f3cios e Investimento de Abuja e na EXPO 2025"},"content":{"rendered":"<p>O fundador da Heirs Holdings e presidente do grupo, Tony O Elumelu, CFR, proferiu o <a href=\"https:\/\/www.heirsholdings.com\/pt\/tony-elumelus-discurso-de-abertura-da-reuniao-do-caucus-africano-2025\/\">palestra<\/a> aos l\u00edderes empresariais, ao sector privado e aos decisores pol\u00edticos na Cimeira e Exposi\u00e7\u00e3o de Investimento de Abuja 2025, subordinada ao tema \u201cPotenciar o crescimento sustent\u00e1vel: Desbloquear o potencial dos mercados emergentes\u201d.<\/p>\r\n\r\n\r\n\r\n<p>O seu discurso intitulado \u201cLideran\u00e7a do Setor Privado na Vanguarda da Transforma\u00e7\u00e3o Econ\u00f3mica de \u00c1frica\u201d refor\u00e7ou o papel do sector privado como motor do desenvolvimento de \u00c1frica.<\/p>\r\n\r\n\r\n\r\n<div class=\"wp-block-embed__wrapper\">\r\n<p><div class=\"disha-wp-video-wrap\"><iframe title=\"Tony Elumelu faz o discurso principal na Cimeira de Neg\u00f3cios e Investimento de Abuja e na EXPO 2025\" width=\"1220\" height=\"686\" src=\"https:\/\/www.youtube.com\/embed\/9DvNVnEcvvk?feature=oembed&enablejsapi=1\" frameborder=\"0\" allow=\"accelerometer; autoplay; clipboard-write; encrypted-media; gyroscope; picture-in-picture; web-share\" referrerpolicy=\"strict-origin-when-cross-origin\" allowfullscreen><\/iframe><\/div><\/p>\r\n<\/div>\r\n<div>\u00a0<\/div>\r\n\r\n\r\n\r\n<div class=\"wp-block-spacer\" style=\"height: 28px;\" aria-hidden=\"true\">\u00a0<\/div>\r\n\r\n\r\n\r\n<p><strong>Abertura\/Cumprimentos<\/strong><\/p>\r\n\r\n\r\n\r\n<ul class=\"wp-block-list\">\r\n<li>Bom dia, Senhores Ministros, ilustres convidados, chefes de sector, decisores pol\u00edticos, parceiros de desenvolvimento e membros da imprensa.<\/li>\r\n<\/ul>\r\n\r\n\r\n\r\n<ul class=\"wp-block-list\">\r\n<li>Permitam-me que comece por felicitar a Abuja Investments Company Limited e a sua vision\u00e1ria GMD\/CEO, Dra. Maureen Tamuno, por esta cimeira oportuna e estrat\u00e9gica. Reunir os sectores p\u00fablico e privado numa s\u00f3 sala - \u00e9 assim que come\u00e7a uma mudan\u00e7a real e sustent\u00e1vel.<\/li>\r\n<\/ul>\r\n\r\n\r\n\r\n<ul class=\"wp-block-list\">\r\n<li>Felicito igualmente o meu irm\u00e3o, o ilustre Ministro da FCT, Barrister Nyesom Wike, pela not\u00e1vel transforma\u00e7\u00e3o a que continuamos a assistir na nossa capital federal. Abuja \u00e9 a janela da nossa na\u00e7\u00e3o - sa\u00fado os seus esfor\u00e7os incessantes para garantir que a nossa capital federal demonstre a nossa excel\u00eancia.<\/li>\r\n<\/ul>\r\n\r\n\r\n\r\n<ul class=\"wp-block-list\">\r\n<li>\u00c9 uma honra e uma responsabilidade dirigir-me hoje a v\u00f3s sobre um assunto que est\u00e1 no cerne do futuro do nosso continente - o papel da lideran\u00e7a do sector privado na transforma\u00e7\u00e3o econ\u00f3mica de \u00c1frica.<\/li>\r\n<\/ul>\r\n\r\n\r\n\r\n<div class=\"wp-block-spacer\" style=\"height: 29px;\" aria-hidden=\"true\">\u00a0<\/div>\r\n\r\n\r\n\r\n<p><strong>Definir o contexto<\/strong><\/p>\r\n\r\n\r\n\r\n<ul class=\"wp-block-list\">\r\n<li>A \u00c1frica encontra-se hoje num momento crucial do seu percurso econ\u00f3mico.<\/li>\r\n<\/ul>\r\n\r\n\r\n\r\n<ul class=\"wp-block-list\">\r\n<li>Somos o continente mais jovem do mundo, dotado de vastos recursos naturais, um mercado consumidor em crescimento e um esp\u00edrito empresarial din\u00e2mico.<\/li>\r\n<\/ul>\r\n\r\n\r\n\r\n<ul class=\"wp-block-list\">\r\n<li>No entanto, tamb\u00e9m enfrentamos desafios persistentes - desemprego juvenil, d\u00e9fices de infra-estruturas, acesso limitado ao financiamento, devasta\u00e7\u00e3o clim\u00e1tica e os efeitos persistentes da volatilidade econ\u00f3mica global.<\/li>\r\n<\/ul>\r\n\r\n\r\n\r\n<ul class=\"wp-block-list\">\r\n<li>Mas, no meio destes desafios, existe uma oportunidade extraordin\u00e1ria:<br \/>Construir uma nova economia africana impulsionada pela inova\u00e7\u00e3o, pelo empreendedorismo e pela lideran\u00e7a do sector privado.<\/li>\r\n<\/ul>\r\n\r\n\r\n\r\n<div class=\"wp-block-spacer\" style=\"height: 29px;\" aria-hidden=\"true\">\u00a0<\/div>\r\n\r\n\r\n\r\n<p><strong>O sector privado como motor da transforma\u00e7\u00e3o<\/strong><\/p>\r\n\r\n\r\n\r\n<ul class=\"wp-block-list\">\r\n<li>Nenhuma na\u00e7\u00e3o alcan\u00e7ou uma prosperidade sustentada sem um sector privado din\u00e2mico.<\/li>\r\n<\/ul>\r\n\r\n\r\n\r\n<ul class=\"wp-block-list\">\r\n<li>Em toda a \u00c1frica, o sector privado j\u00e1 contribui com mais de 70% do PIB do continente e mais de 80% do emprego total.<\/li>\r\n<\/ul>\r\n\r\n\r\n\r\n<ul class=\"wp-block-list\">\r\n<li>Mas n\u00e3o se trata apenas de n\u00fameros - trata-se de influ\u00eancia e iniciativa.<\/li>\r\n<\/ul>\r\n\r\n\r\n\r\n<ul class=\"wp-block-list\">\r\n<li>O sector privado impulsiona a produtividade, liga os mercados, mobiliza o investimento e cria resili\u00eancia.<\/li>\r\n<\/ul>\r\n\r\n\r\n\r\n<ul class=\"wp-block-list\">\r\n<li>Desde as start-ups de fintech em Lagos at\u00e9 \u00e0s empresas de energias renov\u00e1veis em Nairobi, desde os empres\u00e1rios do agroneg\u00f3cio em Kigali at\u00e9 aos inovadores da ind\u00fastria transformadora em Joanesburgo - o sector privado est\u00e1 a reimaginar o que \u00e9 poss\u00edvel para \u00c1frica.<\/li>\r\n<\/ul>\r\n\r\n\r\n\r\n<ul class=\"wp-block-list\">\r\n<li>Falo por experi\u00eancia pr\u00f3pria.<\/li>\r\n<\/ul>\r\n\r\n\r\n\r\n<ul class=\"wp-block-list\">\r\n<li>Na Heirs Holdings, esta convic\u00e7\u00e3o \u00e9 o motor de tudo o que fazemos. \u00c9 o que eu chamo de Africapitalismo - a filosofia de que o sector privado deve liderar a transforma\u00e7\u00e3o de \u00c1frica, investindo a longo prazo em sectores que geram tanto prosperidade econ\u00f3mica como riqueza social.<\/li>\r\n<\/ul>\r\n\r\n\r\n\r\n<div class=\"wp-block-spacer\" style=\"height: 29px;\" aria-hidden=\"true\">\u00a0<\/div>\r\n\r\n\r\n\r\n<p><strong>Lideran\u00e7a para al\u00e9m do lucro<\/strong><\/p>\r\n\r\n\r\n\r\n<ul class=\"wp-block-list\">\r\n<li>A verdadeira lideran\u00e7a n\u00e3o tem apenas a ver com a gera\u00e7\u00e3o de lucros - tem a ver com a gera\u00e7\u00e3o de progresso.<\/li>\r\n<\/ul>\r\n\r\n\r\n\r\n<ul class=\"wp-block-list\">\r\n<li>O sector privado africano deve liderar com um sentido de prop\u00f3sito:<\/li>\r\n<\/ul>\r\n\r\n\r\n\r\n<ul class=\"wp-block-list\">\r\n<li>Investir no desenvolvimento de compet\u00eancias para capacitar os jovens de \u00c1frica.<\/li>\r\n<\/ul>\r\n\r\n\r\n\r\n<ul class=\"wp-block-list\">\r\n<li>Defender a sustentabilidade e o crescimento verde \u00e0 medida que nos industrializamos.<\/li>\r\n<\/ul>\r\n\r\n\r\n\r\n<ul class=\"wp-block-list\">\r\n<li>Criar cadeias de valor inclusivas que integrem as pequenas empresas e as comunidades rurais na hist\u00f3ria do crescimento.<\/li>\r\n<\/ul>\r\n\r\n\r\n\r\n<ul class=\"wp-block-list\">\r\n<li>Impulsionar a transforma\u00e7\u00e3o digital para desbloquear a produtividade e a competitividade.<\/li>\r\n<\/ul>\r\n\r\n\r\n\r\n<ul class=\"wp-block-list\">\r\n<li>\u00c9 isto que significa liderar na vanguarda da transforma\u00e7\u00e3o - n\u00e3o apenas participar no crescimento, mas mold\u00e1-lo.<\/li>\r\n<\/ul>\r\n\r\n\r\n\r\n<ul class=\"wp-block-list\">\r\n<li>\u201cFazer bem e fazer o bem\u201d n\u00e3o se excluem mutuamente - pelo contr\u00e1rio - s\u00e3o as duas bases da transforma\u00e7\u00e3o de \u00c1frica.<\/li>\r\n<\/ul>\r\n\r\n\r\n\r\n<ul class=\"wp-block-list\">\r\n<li>Este ano, a Heirs Holdings celebra 15 anos de defini\u00e7\u00e3o do Africapitalismo - 15 anos de investimentos que criam valor, capacitam as comunidades e transformam vidas.<\/li>\r\n<\/ul>\r\n\r\n\r\n\r\n<div class=\"wp-block-spacer\" style=\"height: 29px;\" aria-hidden=\"true\">\u00a0<\/div>\r\n\r\n\r\n\r\n<p><strong>O nosso compromisso para com o nosso Territ\u00f3rio da Capital Federal, Abuja<\/strong><\/p>\r\n\r\n\r\n\r\n<ul class=\"wp-block-list\">\r\n<li>Os nossos investimentos em Abuja demonstram a nossa vis\u00e3o - executada!<\/li>\r\n<\/ul>\r\n\r\n\r\n\r\n<ul class=\"wp-block-list\">\r\n<li>O nosso historial em Abuja \u00e9 um testemunho vivo da nossa filosofia - cumprido!<\/li>\r\n<\/ul>\r\n\r\n\r\n\r\n<ul class=\"wp-block-list\">\r\n<li>Atrav\u00e9s do Grupo Transcorp, transform\u00e1mos o Transcorp Hilton Abuja - de um marco antigo, que n\u00e3o fazia justi\u00e7a \u00e0 nossa na\u00e7\u00e3o, num \u00edcone contempor\u00e2neo de hospitalidade de classe mundial. Um local que recebe o mundo.<\/li>\r\n<\/ul>\r\n\r\n\r\n\r\n<ul class=\"wp-block-list\">\r\n<li>Hoje, o Transcorp Hilton ergue-se como um dos principais hot\u00e9is de \u00c1frica - um s\u00edmbolo de excel\u00eancia aqui mesmo em Abuja. Um farol do nosso potencial - onde a Nig\u00e9ria sa\u00fada o mundo - e oferece a excel\u00eancia africana.<\/li>\r\n<\/ul>\r\n\r\n\r\n\r\n<ul class=\"wp-block-list\">\r\n<li>N\u00e3o fic\u00e1mos por aqui - este ano lan\u00e7\u00e1mos o Transcorp Event Centre, um espa\u00e7o ultramoderno com capacidade para 5000 pessoas, cimentando Abuja como um centro de neg\u00f3cios e turismo.<\/li>\r\n<\/ul>\r\n\r\n\r\n\r\n<ul class=\"wp-block-list\">\r\n<li>O nosso investimento na Abuja Electricity Distribution Company (AEDC) \u00e9 outro exemplo da transforma\u00e7\u00e3o do sector privado em a\u00e7\u00e3o. Sabemos que a eletricidade \u00e9 o motor da produtividade - casas, hospitais, escolas e empresas dependem dela.<\/li>\r\n<\/ul>\r\n\r\n\r\n\r\n<ul class=\"wp-block-list\">\r\n<li>Fizemos progressos, mas os desafios permanecem - incluindo obriga\u00e7\u00f5es n\u00e3o pagas sobre a energia gerada e vendida ao governo que limitam a rapidez com que podemos avan\u00e7ar. \u00c9 por isso que o f\u00f3rum de hoje \u00e9 importante - o di\u00e1logo honesto \u00e9 a forma de construirmos um ambiente onde o capital privado prospere.<\/li>\r\n<\/ul>\r\n\r\n\r\n\r\n<ul class=\"wp-block-list\">\r\n<li>\u201cQuando os investidores s\u00e3o bem sucedidos, a na\u00e7\u00e3o \u00e9 bem sucedida.\u201d<\/li>\r\n<\/ul>\r\n\r\n\r\n\r\n<ul class=\"wp-block-list\">\r\n<li>Em todo o nosso grupo, empregamos direta e indiretamente cerca de 7.000 nigerianos s\u00f3 aqui em Abuja.<\/li>\r\n<\/ul>\r\n\r\n\r\n\r\n<ul class=\"wp-block-list\">\r\n<li>Atrav\u00e9s da Funda\u00e7\u00e3o Tony Elumelu, capacit\u00e1mos mais de 24.000 jovens africanos, incluindo 641 em Abuja, cada um dos quais recebeu $5.000 de capital inicial n\u00e3o reembols\u00e1vel, forma\u00e7\u00e3o e orienta\u00e7\u00e3o.<\/li>\r\n<\/ul>\r\n\r\n\r\n\r\n<div class=\"wp-block-spacer\" style=\"height: 29px;\" aria-hidden=\"true\">\u00a0<\/div>\r\n\r\n\r\n\r\n<p><strong>Colabora\u00e7\u00e3o com o Governo e os parceiros de desenvolvimento<\/strong><\/p>\r\n\r\n\r\n\r\n<ul class=\"wp-block-list\">\r\n<li>Para que a transforma\u00e7\u00e3o seja sustent\u00e1vel, o sector privado n\u00e3o pode agir sozinho.<\/li>\r\n<\/ul>\r\n\r\n\r\n\r\n<ul class=\"wp-block-list\">\r\n<li>Temos de construir um novo contrato social entre governos, empresas e cidad\u00e3os - assente na confian\u00e7a, transpar\u00eancia e vis\u00e3o partilhada.<\/li>\r\n<\/ul>\r\n\r\n\r\n\r\n<ul class=\"wp-block-list\">\r\n<li>Os governos devem criar o ambiente prop\u00edcio - pol\u00edticas macroecon\u00f3micas s\u00f3lidas, infra-estruturas fi\u00e1veis e regulamentos previs\u00edveis.<\/li>\r\n<\/ul>\r\n\r\n\r\n\r\n<ul class=\"wp-block-list\">\r\n<li>Em contrapartida, o sector privado deve respeitar as normas \u00e9ticas, investir localmente e produzir um impacto social tang\u00edvel.<\/li>\r\n<\/ul>\r\n\r\n\r\n\r\n<ul class=\"wp-block-list\">\r\n<li>As parcerias p\u00fablico-privadas s\u00e3o as pontes que podem transformar a ambi\u00e7\u00e3o em realiza\u00e7\u00e3o - seja no dom\u00ednio da conetividade digital, da agricultura, das infra-estruturas de transportes ou da produ\u00e7\u00e3o de energia.<\/li>\r\n<\/ul>\r\n\r\n\r\n\r\n<div class=\"wp-block-spacer\" style=\"height: 29px;\" aria-hidden=\"true\">\u00a0<\/div>\r\n\r\n\r\n\r\n<p><strong>Para que o sector privado possa produzir resultados, o governo deve apoiar, sustentar e estabelecer parcerias<\/strong><\/p>\r\n\r\n\r\n\r\n<ul class=\"wp-block-list\">\r\n<li>O capital privado \u00e9 paciente - mas precisa de certezas.<\/li>\r\n<\/ul>\r\n\r\n\r\n\r\n<ul class=\"wp-block-list\">\r\n<li>\u201cUma regulamenta\u00e7\u00e3o previs\u00edvel atrai investimentos a longo prazo; a incoer\u00eancia afasta-os.\u201d<\/li>\r\n<\/ul>\r\n\r\n\r\n\r\n<ul class=\"wp-block-list\">\r\n<li>Nenhum investidor se empenhar\u00e1 quando as regras est\u00e3o sempre a mudar.<\/li>\r\n<\/ul>\r\n\r\n\r\n\r\n<ul class=\"wp-block-list\">\r\n<li>A confian\u00e7a \u00e9 a moeda do investimento - e a estabilidade das pol\u00edticas converte a confian\u00e7a em capital.<\/li>\r\n<\/ul>\r\n\r\n\r\n\r\n<ul class=\"wp-block-list\">\r\n<li>Quando me perguntaram recentemente em Oslo: \u201cPorqu\u00ea investir em \u00c1frica quando os riscos s\u00e3o t\u00e3o elevados?\u201d, a minha resposta foi simples:<\/li>\r\n<\/ul>\r\n\r\n\r\n\r\n<ul class=\"wp-block-list\">\r\n<li>\u201cH\u00e1 riscos em todo o lado, mas em \u00c1frica os retornos s\u00e3o mais elevados e o impacto \u00e9 mais profundo.\u201d<\/li>\r\n<\/ul>\r\n\r\n\r\n\r\n<ul class=\"wp-block-list\">\r\n<li>No entanto, o otimismo deve ser acompanhado de uma estrutura.<br \/>Precisamos de coer\u00eancia, de um Estado de direito e de infra-estruturas que permitam \u00e0s empresas prosperar.<\/li>\r\n<\/ul>\r\n\r\n\r\n\r\n<div class=\"wp-block-spacer\" style=\"height: 29px;\" aria-hidden=\"true\">\u00a0<\/div>\r\n\r\n\r\n\r\n<p><strong>Financiar o futuro<\/strong><\/p>\r\n\r\n\r\n\r\n<ul class=\"wp-block-list\">\r\n<li>Transformar \u00c1frica requer capital - mas n\u00e3o qualquer capital. Requer um capital paciente, com objectivos definidos e pan-africano.<\/li>\r\n<\/ul>\r\n\r\n\r\n\r\n<ul class=\"wp-block-list\">\r\n<li>A ascens\u00e3o dos fundos de investimento africanos, dos investidores de impacto e do financiamento da di\u00e1spora est\u00e1 a mudar o jogo.<\/li>\r\n<\/ul>\r\n\r\n\r\n\r\n<ul class=\"wp-block-list\">\r\n<li>Precisamos de aprofundar os nossos mercados de capitais, abra\u00e7ar a inova\u00e7\u00e3o fintech e expandir o acesso ao cr\u00e9dito para as MPME - a verdadeira espinha dorsal das nossas economias.<\/li>\r\n<\/ul>\r\n\r\n\r\n\r\n<ul class=\"wp-block-list\">\r\n<li>Se alinharmos o capital com a vis\u00e3o, \u00c1frica n\u00e3o s\u00f3 crescer\u00e1 como prosperar\u00e1.<\/li>\r\n<\/ul>\r\n\r\n\r\n\r\n<div class=\"wp-block-spacer\" style=\"height: 29px;\" aria-hidden=\"true\">\u00a0<\/div>\r\n\r\n\r\n\r\n<p><strong>Um apelo \u00e0 a\u00e7\u00e3o<\/strong><\/p>\r\n\r\n\r\n\r\n<ul class=\"wp-block-list\">\r\n<li>Senhoras e Senhores Deputados, o tempo das mudan\u00e7as incrementais j\u00e1 passou.<\/li>\r\n<\/ul>\r\n\r\n\r\n\r\n<ul class=\"wp-block-list\">\r\n<li>Temos agora de liderar um movimento continental de empresas, em que as empresas africanas n\u00e3o sejam apenas consumidoras de ideias globais, mas criadoras de valor global.<\/li>\r\n<\/ul>\r\n\r\n\r\n\r\n<ul class=\"wp-block-list\">\r\n<li>Temos de ser arquitectos do progresso.<\/li>\r\n<\/ul>\r\n\r\n\r\n\r\n<ul class=\"wp-block-list\">\r\n<li>N\u00e3o posso ter \u00eaxito se muitos n\u00e3o o tiverem.<\/li>\r\n<\/ul>\r\n\r\n\r\n\r\n<ul class=\"wp-block-list\">\r\n<li>Acreditemos na excel\u00eancia africana.<\/li>\r\n<\/ul>\r\n\r\n\r\n\r\n<ul class=\"wp-block-list\">\r\n<li>Invistamos na inova\u00e7\u00e3o africana.<\/li>\r\n<\/ul>\r\n\r\n\r\n\r\n<ul class=\"wp-block-list\">\r\n<li>Como \u00e9 que podemos esperar que os investidores estrangeiros acreditem em n\u00f3s se n\u00e3o investirmos na nossa pr\u00f3pria economia?<\/li>\r\n<\/ul>\r\n\r\n\r\n\r\n<ul class=\"wp-block-list\">\r\n<li>Vamos construir a \u00c1frica que merecemos - pr\u00f3spera, inclusiva e autossuficiente.<\/li>\r\n<\/ul>\r\n\r\n\r\n\r\n<ul class=\"wp-block-list\">\r\n<li>\u201cConstruir economias, n\u00e3o extrair lucros\u201d - este deve ser o novo ethos empresarial africano!<\/li>\r\n<\/ul>\r\n\r\n\r\n\r\n<div class=\"wp-block-spacer\" style=\"height: 29px;\" aria-hidden=\"true\">\u00a0<\/div>\r\n\r\n\r\n\r\n<p><strong>Conclus\u00e3o<\/strong><\/p>\r\n\r\n\r\n\r\n<ul class=\"wp-block-list\">\r\n<li>Em conclus\u00e3o, a transforma\u00e7\u00e3o econ\u00f3mica de \u00c1frica n\u00e3o ser\u00e1 escrita em salas de reuni\u00f5es em Nova Iorque, Londres ou Pequim.<\/li>\r\n<\/ul>\r\n\r\n\r\n\r\n<ul class=\"wp-block-list\">\r\n<li>Ser\u00e1 escrito aqui - por empres\u00e1rios africanos, investidores africanos e l\u00edderes africanos - na vanguarda da hist\u00f3ria, transformando o desafio em oportunidade e o potencial em prosperidade.<\/li>\r\n<\/ul>\r\n\r\n\r\n\r\n<ul class=\"wp-block-list\">\r\n<li>Obrigado.<\/li>\r\n<\/ul>\r\n\r\n\r\n\r\n<ul class=\"wp-block-list\">\r\n<li>Deus vos aben\u00e7oe, Deus aben\u00e7oe o nosso Presidente e Deus aben\u00e7oe \u00c1frica.<\/li>\r\n<\/ul>\r\n\r\n\r\n\r\n<div class=\"wp-block-spacer\" style=\"height: 151px;\" aria-hidden=\"true\">\u00a0<\/div>","protected":false},"excerpt":{"rendered":"<p>Heirs Holdings Founder &amp; Group Chair, Tony O Elumelu, CFR, delivered the keynote to business leaders, the private sector, and policymakers at the Abuja Investment Summit &amp; Expo 2025, themed &#8220;Empowering Sustainable Growth: Unlocking Potential in Emerging Markets&#8221;. His address titled \u201cPrivate Sector Leadership at the Forefront of Africa\u2019s Economic Transformation\u201d amplified the private sector&#8217;s &hellip;<\/p>","protected":false},"author":12,"featured_media":26373,"comment_status":"closed","ping_status":"closed","sticky":false,"template":"","format":"standard","meta":{"_exactmetrics_skip_tracking":false,"_exactmetrics_sitenote_active":false,"_exactmetrics_sitenote_note":"","_exactmetrics_sitenote_category":0,"cybocfi_hide_featured_image":"","footnotes":""},"categories":[166,25],"tags":[],"class_list":["post-26371","post","type-post","status-publish","format-standard","has-post-thumbnail","hentry","category-chairmans-blogpost","category-events"],"_links":{"self":[{"href":"https:\/\/www.heirsholdings.com\/pt\/wp-json\/wp\/v2\/posts\/26371","targetHints":{"allow":["GET"]}}],"collection":[{"href":"https:\/\/www.heirsholdings.com\/pt\/wp-json\/wp\/v2\/posts"}],"about":[{"href":"https:\/\/www.heirsholdings.com\/pt\/wp-json\/wp\/v2\/types\/post"}],"author":[{"embeddable":true,"href":"https:\/\/www.heirsholdings.com\/pt\/wp-json\/wp\/v2\/users\/12"}],"replies":[{"embeddable":true,"href":"https:\/\/www.heirsholdings.com\/pt\/wp-json\/wp\/v2\/comments?post=26371"}],"version-history":[{"count":5,"href":"https:\/\/www.heirsholdings.com\/pt\/wp-json\/wp\/v2\/posts\/26371\/revisions"}],"predecessor-version":[{"id":26381,"href":"https:\/\/www.heirsholdings.com\/pt\/wp-json\/wp\/v2\/posts\/26371\/revisions\/26381"}],"wp:featuredmedia":[{"embeddable":true,"href":"https:\/\/www.heirsholdings.com\/pt\/wp-json\/wp\/v2\/media\/26373"}],"wp:attachment":[{"href":"https:\/\/www.heirsholdings.com\/pt\/wp-json\/wp\/v2\/media?parent=26371"}],"wp:term":[{"taxonomy":"category","embeddable":true,"href":"https:\/\/www.heirsholdings.com\/pt\/wp-json\/wp\/v2\/categories?post=26371"},{"taxonomy":"post_tag","embeddable":true,"href":"https:\/\/www.heirsholdings.com\/pt\/wp-json\/wp\/v2\/tags?post=26371"}],"curies":[{"name":"wp","href":"https:\/\/api.w.org\/{rel}","templated":true}]}}