{"id":25466,"date":"2025-03-27T15:13:49","date_gmt":"2025-03-27T14:13:49","guid":{"rendered":"https:\/\/www.heirsholdings.com\/?p=25466"},"modified":"2025-03-27T15:27:35","modified_gmt":"2025-03-27T14:27:35","slug":"a-fundacao-tony-elumelu-anuncia-a-coorte-do-programa-de-empreendedorismo-2025","status":"publish","type":"post","link":"https:\/\/www.heirsholdings.com\/pt\/the-tony-elumelu-foundation-announces-2025-entrepreneurship-programme-cohort\/","title":{"rendered":"A Funda\u00e7\u00e3o Tony Elumelu anuncia a coorte do Programa de Empreendedorismo 2025"},"content":{"rendered":"<p><em>3 000 empres\u00e1rios de toda a \u00c1frica receber\u00e3o financiamento, forma\u00e7\u00e3o e orienta\u00e7\u00e3o<\/em><\/p>\n\n\n<div class=\"wp-block-image wp-image-27701 is-style-default\">\n<figure class=\"aligncenter\"><img decoding=\"async\" src=\"https:\/\/www.tonyelumelufoundation.org\/wp-content\/uploads\/2025\/03\/IMG_4567.JPEG-683x1024.jpg\" alt=\"Coorte do Programa de Empreendedorismo 2025\" class=\"wp-image-27701\"\/><figcaption class=\"wp-element-caption\"><br><strong>A Funda\u00e7\u00e3o Tony Elumelu seleciona 3 000 empres\u00e1rios africanos para integrarem a 11\u00aa coorte do Programa de Empreendedorismo TEF<\/strong><br>r-l: O fundador da Funda\u00e7\u00e3o Tony Elumelu, Tony O. Elumelu, CFR, e o cofundador, Dr. Awele Elumelu, OFR, revelam os 3 000 benefici\u00e1rios da coorte de 2025 do Programa de Empreendedorismo da Funda\u00e7\u00e3o Tony Elumelu, no Transcorp Hilton, Abuja, no s\u00e1bado, 22 de mar\u00e7o de 2025.<em style=\"font-size: 16px;\">&nbsp;<\/em><\/figcaption><\/figure><\/div>\n\n\n<p><em>Desde 2015:<\/em><\/p>\n\n\n\n<ul class=\"wp-block-list\">\n<li><em>Mais de 21.000 africanos capacitados<\/em><\/li>\n\n\n\n<li><em>5 milh\u00f5es de empregos criados e $4,2 mil milh\u00f5es de receitas<\/em><\/li>\n\n\n\n<li><em>Mais de 2 milh\u00f5es de africanos sa\u00edram da pobreza<\/em><\/li>\n<\/ul>\n\n\n\n<p>Lagos, Nig\u00e9ria - 22 de mar\u00e7o de 2025 - A Funda\u00e7\u00e3o Tony Elumelu (TEF), a principal institui\u00e7\u00e3o filantr\u00f3pica africana que capacita os empres\u00e1rios, anunciou que 3.000 empres\u00e1rios africanos provenientes de toda a \u00c1frica se juntar\u00e3o aos 11<sup>\u00ba<\/sup> coorte do Programa de Empreendedorismo TEF; promover a redu\u00e7\u00e3o da pobreza, catalisar a cria\u00e7\u00e3o de emprego e assegurar a capacita\u00e7\u00e3o econ\u00f3mica inclusiva.<\/p>\n\n\n\n<p>O grupo rec\u00e9m-selecionado juntar-se-\u00e1 \u00e0 rede da TEF de mais de 21 000 empres\u00e1rios africanos que foram financiados, formados e orientados desde 2015. A Funda\u00e7\u00e3o Tony Elumelu incorpora o conceito de Africapitalismo: A convic\u00e7\u00e3o econ\u00f3mica de Tony Elumelu de que os empres\u00e1rios africanos s\u00e3o os principais motores da transforma\u00e7\u00e3o econ\u00f3mica do continente.<\/p>\n\n\n\n<p>\u00c0 medida que o ecossistema de empreendedorismo africano enfrenta restri\u00e7\u00f5es de financiamento e ventos contr\u00e1rios econ\u00f3micos, o TEF fornece o apoio t\u00e3o necess\u00e1rio, permitindo que os empres\u00e1rios africanos transformem as suas ideias em empresas sustent\u00e1veis e motores de crescimento econ\u00f3mico. Os empreendedores selecionados - 40% dos quais s\u00e3o mulheres - representam um retrato vibrante da pr\u00f3xima gera\u00e7\u00e3o de talento e ambi\u00e7\u00e3o de \u00c1frica. Os sectores representados incluem a agroind\u00fastria (34%), a ind\u00fastria criativa (11%) e a economia verde (11%), entre outros.<\/p>\n\n\n\n<p>Foram recebidas mais de 200 000 candidaturas de todos os 54 pa\u00edses africanos e apresentadas no TEFConnect, a plataforma digital exclusiva do TEF, onde foram sujeitas ao rigoroso processo de sele\u00e7\u00e3o do TEF. Os candidatos foram avaliados quanto \u00e0 sua compreens\u00e3o financeira e mentalidade empresarial, bem como quanto \u00e0 viabilidade, procura e escalabilidade das suas ideias de neg\u00f3cio. O processo de sele\u00e7\u00e3o foi conduzido pela Ernst &amp; Young, para garantir uma avalia\u00e7\u00e3o independente.<\/p>\n\n\n\n<p>Cada Empreendedor Tony Elumelu selecionado receber\u00e1 $5,000 em capital inicial n\u00e3o reembols\u00e1vel, uma forma\u00e7\u00e3o empresarial de classe mundial no TEFConnect, orienta\u00e7\u00e3o individual e acesso a redes globais e oportunidades de investimento.<\/p>\n\n\n\n<p>\u00c0 medida que o TEF continua a alargar a sua miss\u00e3o, tem vindo a alavancar parcerias estrat\u00e9gicas globais para aumentar a escala do Programa de Empreendedorismo TEF 2025, em colabora\u00e7\u00e3o com a Google.org, o Gabinete de Assuntos de Desenvolvimento dos Emirados \u00c1rabes Unidos, a Funda\u00e7\u00e3o Khalifa Bin Zayed Al Nahyan (uma filial da Erth Zayed) e a Deutsche Investitions und Entwicklungsgesellschaft (DEG).<\/p>\n\n\n<div class=\"wp-block-image wp-image-27703\">\n<figure class=\"aligncenter\"><img decoding=\"async\" src=\"https:\/\/www.tonyelumelufoundation.org\/wp-content\/uploads\/2025\/03\/IMG_4566.JPEG.jpg\" alt=\"A Funda\u00e7\u00e3o Tony Elumelu seleciona 3.000 empres\u00e1rios africanos \" class=\"wp-image-27703\"\/><figcaption class=\"wp-element-caption\"><br><strong>A Funda\u00e7\u00e3o Tony Elumelu seleciona 3 000 empres\u00e1rios africanos para integrarem a 11\u00aa coorte do Programa de Empreendedorismo TEF<\/strong><br>l-r: Cofundador da Funda\u00e7\u00e3o Tony Elumelu, Dr. Awele Elumelu; Fundador da Funda\u00e7\u00e3o Tony Elumelu, Tony O. Elumelu, CFR; e Diretor Executivo da Funda\u00e7\u00e3o Tony Elumelu, Somachi Chris-Asoluka, na apresenta\u00e7\u00e3o dos 3.000 benefici\u00e1rios da coorte de 2025 do Programa de Empreendedorismo da Funda\u00e7\u00e3o Tony Elumelu, que teve lugar no Transcorp Hilton, Abuja, no s\u00e1bado, 22 de mar\u00e7o de 2025.<\/figcaption><\/figure><\/div>\n\n\n<p>Tony O. Elumelu, C.F.R., Fundador da TEF e Presidente do Grupo Heirs Holdings, reiterou a sua cren\u00e7a inabal\u00e1vel no potencial dos empres\u00e1rios africanos: \u201cHoje \u00e9 o dia que dedicamos todos os anos para democratizar a sorte, espalhar a esperan\u00e7a e criar oportunidades econ\u00f3micas para os jovens africanos em todo o continente.<\/p>\n\n\n\n<p>Quando a minha mulher e eu fund\u00e1mos o TEF em 2010, t\u00ednhamos uma vis\u00e3o clara - uma vis\u00e3o de uma \u00c1frica pr\u00f3spera e autossustent\u00e1vel, alimentada pela energia, inova\u00e7\u00e3o e resili\u00eancia dos seus jovens. Mas tamb\u00e9m reconhecemos os desafios que enfrentam - as barreiras que impedem a sua ambi\u00e7\u00e3o e a sua capacidade de impulsionar a transforma\u00e7\u00e3o econ\u00f3mica de \u00c1frica.<\/p>\n\n\n<div class=\"wp-block-image wp-image-27702\">\n<figure class=\"aligncenter\"><img decoding=\"async\" src=\"https:\/\/www.tonyelumelufoundation.org\/wp-content\/uploads\/2025\/03\/TOExDrAVxCEO-1024x927.jpg\" alt=\"Coorte do Programa de Empreendedorismo 2025 com o Diretor Executivo\" class=\"wp-image-27702\"\/><figcaption class=\"wp-element-caption\"><br><strong>A Funda\u00e7\u00e3o Tony Elumelu seleciona 3 000 empres\u00e1rios africanos para integrarem a 11\u00aa coorte do Programa de Empreendedorismo TEF<\/strong><br>E-D: CEO da Funda\u00e7\u00e3o Tony Elumelu, Somachi Chris-Asoluka; Fundador da Funda\u00e7\u00e3o Tony Elumelu, Tony O. Elumelu, CFR; Cofundador da Funda\u00e7\u00e3o Tony Elumelu, Dr. Awele Elumelu; e CEO do Grupo Heirs Holdings, Emmanuel Nnorom, na revela\u00e7\u00e3o de 3.000 benefici\u00e1rios da coorte 2025 do Programa de Empreendedorismo da Funda\u00e7\u00e3o Tony Elumelu, que teve lugar no Transcorp Hilton, Abuja, no s\u00e1bado, 22 de mar\u00e7o de 2025<\/figcaption><\/figure><\/div>\n\n\n<p>Como empres\u00e1rio, compreendo as imensas oportunidades que existem em \u00c1frica. Conhe\u00e7o o poder transformador do empreendedorismo. Tamb\u00e9m conhe\u00e7o os obst\u00e1culos. Mas estou certo de que, se capacitarmos e investirmos nos nossos jovens, ser\u00e3o eles a resolver os desafios mais prementes de \u00c1frica.<\/p>\n\n\n\n<p>Em 2015, o nosso objetivo era capacitar 10 000 empres\u00e1rios. Hoje, em 2025, atingimos 24 000. Mas continuamos profundamente conscientes dos milh\u00f5es que ainda temos de alcan\u00e7ar. \u00c9 por isso que continuo a advogar a n\u00edvel mundial, apelando a uma mudan\u00e7a da ajuda para o investimento. No s\u00e9culo XXI, o que \u00c1frica precisa n\u00e3o \u00e9 de caridade, \u00e9 de investimento. Investimento em infra-estruturas, em empresas e, mais importante ainda, nos nossos jovens, porque o futuro de \u00c1frica est\u00e1 nas suas m\u00e3os.\u201d<\/p>\n\n\n\n<p>O Dr. Awele Elumelu, OFR, cofundador do TEF, tamb\u00e9m partilhou uma mensagem de encorajamento,<\/p>\n\n\n\n<p>\u201cParab\u00e9ns ao 11\u00ba grupo do Programa de Empreendedorismo da Funda\u00e7\u00e3o Tony Elumelu. Estamos incrivelmente orgulhosos de v\u00f3s e entusiasmados por testemunhar o impacto que ir\u00e3o criar. Mas tamb\u00e9m quero agradecer \u00e0queles que n\u00e3o foram selecionados este ano - mantenham vivos os vossos sonhos empresariais. A vossa viagem n\u00e3o termina aqui e desejamos-vos o melhor enquanto continuam a perseguir a vossa vis\u00e3o.\u201d<\/p>\n\n\n<div class=\"wp-block-image wp-image-27704\">\n<figure class=\"aligncenter\"><img decoding=\"async\" src=\"https:\/\/www.tonyelumelufoundation.org\/wp-content\/uploads\/2025\/03\/IMG_4548.JPEG-1024x959.jpg\" alt=\"3 000 empres\u00e1rios africanos v\u00e3o juntar-se \u00e0 11\u00aa coorte do Programa de Empreendedorismo TEF\" class=\"wp-image-27704\"\/><figcaption class=\"wp-element-caption\"><br><strong>A Funda\u00e7\u00e3o Tony Elumelu seleciona 3 000 empres\u00e1rios africanos para integrarem a 11\u00aa coorte do Programa de Empreendedorismo TEF<\/strong><br>r-l: O fundador da Funda\u00e7\u00e3o Tony Elumelu, Tony O. Elumelu, CFR e o cofundador, Dr. Awele Elumelu, na apresenta\u00e7\u00e3o dos 3 000 benefici\u00e1rios da coorte de 2025 do Programa de Empreendedorismo da Funda\u00e7\u00e3o Tony Elumelu, que teve lugar no Transcorp Hilton, Abuja, no s\u00e1bado, 22 de mar\u00e7o de 2025.<\/figcaption><\/figure><\/div>\n\n\n<p>Para saber mais sobre o processo pormenorizado do Programa de Empreendedorismo TEF, Para mais informa\u00e7\u00f5es sobre o impacto da Funda\u00e7\u00e3o Tony Elumelu, visite a nossa <a href=\"https:\/\/www.tonyelumelufoundation.org\/tef-impact-reports\" target=\"_blank\" rel=\"noreferrer noopener\">P\u00e1gina de impacto<\/a>, <a href=\"https:\/\/www.tonyelumelufoundation.org\/success-stories\" target=\"_blank\" rel=\"noreferrer noopener\">P\u00e1gina de hist\u00f3rias de sucesso em \u00c1frica<\/a>, e o <a href=\"https:\/\/www.tonyelumelufoundation.org\/downloads\/tef-2024-annual-report\/?tmstv=1742556027\" target=\"_blank\" rel=\"noreferrer noopener\">Relat\u00f3rio anual do TEF 2024<\/a>.<\/p>\n\n\n\n<p>Para quest\u00f5es relacionadas com a comunica\u00e7\u00e3o social: <a href=\"mailto:TEFMedia@tonyelumelufoundation.org\" target=\"_blank\" rel=\"noreferrer noopener\">TEFMedia@tonyelumelufoundation.org<\/a><\/p>\n\n\n\n<p><\/p>\n\n\n\n<h3 class=\"wp-block-heading\"><strong>Testemunhos de parceiros TEF na cerim\u00f3nia<\/strong><\/h3>\n\n\n\n<p>\u201cOs meus sinceros parab\u00e9ns a todos os empres\u00e1rios selecionados para o programa deste ano. A vossa dedica\u00e7\u00e3o e o vosso esp\u00edrito empreendedor s\u00e3o verdadeiramente inspiradores para mim. Tony, tive o privil\u00e9gio de me encontrar consigo e com a sua equipa no passado m\u00eas de dezembro, em Lagos, e pude constatar a import\u00e2ncia do trabalho da sua Funda\u00e7\u00e3o no mundo de hoje, tanto para a Nig\u00e9ria como para \u00c1frica. N\u00f3s, na DEG, estamos muito orgulhosos por termos apoiado v\u00e1rios destes empres\u00e1rios nos programas anteriores e continuaremos a faz\u00ea-lo. Na pr\u00f3xima fase, iremos financiar 400 empres\u00e1rios, com acesso \u00e0 gest\u00e3o de empresas e a ac\u00e7\u00f5es de forma\u00e7\u00e3o em empreendedorismo ecol\u00f3gico. Ao proporcionar o acesso ao financiamento e \u00e0 orienta\u00e7\u00e3o, a Funda\u00e7\u00e3o Tony Elumelu e os seus parceiros est\u00e3o a capacitar jovens empres\u00e1rios para criarem emprego, reduzirem a pobreza e prosperarem com um crescimento inclusivo em \u00c1frica. Estou ansioso por testemunhar o sucesso cont\u00ednuo da Funda\u00e7\u00e3o Tony Elumelu.<\/p>\n\n\n\n<ul class=\"wp-block-list\">\n<li>Roland Siller, Diretor Executivo da Deutsche Investitions und Entwicklungsgesellschaft (DEG).<\/li>\n<\/ul>\n\n\n\n<p>\u201cHoje celebramos este marco significativo da nossa parceria inaugural com a Funda\u00e7\u00e3o Tony Elumelu. Na Funda\u00e7\u00e3o Khalifa Bin Zayed Al Nahyan estamos empenhados em promover a inova\u00e7\u00e3o, o crescimento econ\u00f3mico e o desenvolvimento sustent\u00e1vel, raz\u00e3o pela qual esta colabora\u00e7\u00e3o \u00e9 um marco e a Funda\u00e7\u00e3o Tony Elumelu tem um legado not\u00e1vel para a juventude africana. Desejamos boa sorte a todos os que v\u00e3o participar neste programa\u201d.\u201d<\/p>\n\n\n\n<ul class=\"wp-block-list\">\n<li>E. Mohamed Haji AlKhoori, Diretor-Geral, Funda\u00e7\u00e3o Khalifa Bin Zayed Al Nahyan<\/li>\n<\/ul>\n\n\n\n<p><\/p>\n\n\n\n<h3 class=\"wp-block-heading\"><strong>Testemunhos de antigos alunos e mentores do TEF na cerim\u00f3nia<\/strong><\/h3>\n\n\n\n<p>\u201cEm 2018, encontrava-me numa encruzilhada entre a paix\u00e3o e a incerteza, tinha uma ideia mas, tal como a maioria dos empres\u00e1rios, n\u00e3o tinha recursos, n\u00e3o tinha uma rede de contactos e n\u00e3o tinha uma dire\u00e7\u00e3o estrat\u00e9gica. A partir do financiamento inicial, angari\u00e1mos mais $50.000. Conseguimos distribuir mais de um milh\u00e3o de pensos reutiliz\u00e1veis e lav\u00e1veis em toda a \u00c1frica e temos mais de 5 distribuidores em toda a Nig\u00e9ria, e estamos apenas a come\u00e7ar. Pass\u00e1mos de uma startup de duas pessoas para uma empresa social vencedora de v\u00e1rios pr\u00e9mios e temos agora mais de dez funcion\u00e1rios a tempo inteiro e tamb\u00e9m funcion\u00e1rios a tempo parcial.\u201d<\/p>\n\n\n\n<p>- Tabitha Arenson Abimiku, ex-aluna do TEF de 2018 e fundadora da Virtuous Pads<\/p>\n\n\n\n<p>\u201cObrigado \u00e0 Funda\u00e7\u00e3o Tony Elumelu que investiu em mim em 2019 e me capacitou, o que levou ao impacto positivo na vida de mais de 30.000 mulheres.\u201d<\/p>\n\n\n\n<p>- Ayodele Ognin, ex-aluno do TEF de 2019 e fundador da Wurami Consulting<\/p>\n\n\n\n<p>\u201cFui benefici\u00e1ria do Programa de Empreendedorismo da Funda\u00e7\u00e3o Tony Elumelu em 2019, que nos ajudou a construir o nosso primeiro prot\u00f3tipo e come\u00e7\u00e1mos a pensar em grande, pois acredito que o in\u00edcio \u00e9 a parte mais dif\u00edcil de qualquer empreendimento. As aulas, a forma\u00e7\u00e3o e a visibilidade t\u00eam sido muito estimulantes para mim e estou muito grata por isso.\u201d<\/p>\n\n\n\n<p>- Mohamed Dhaoufi, antigo aluno do TEF em 2017 e fundador da Cure Bionics.<\/p>\n\n\n\n<p>\u201cO Programa de Empreendedorismo TEF \u00e9 excecional. Dizem que uma viagem de 1.000 milhas come\u00e7a com um \u00fanico passo. A jornada de transforma\u00e7\u00e3o de \u00c1frica come\u00e7a com uma \u00fanica vida. Fal\u00e1mos de 21 000 empres\u00e1rios para 1,5 milh\u00f5es de empregos desde 2015 e fazer parte de algo assim \u00e9 fenomenal. Estou incrivelmente grato por ser um dos 100 #TEFMentors da Deloitte \u00c1frica para 2025.\u201d<\/p>\n\n\n\n<p>- Dusten Fransman, l\u00edder de impacto social da Deloitte \u00c1frica e mentor do TEF de Joanesburgo, \u00c1frica do Sul<\/p>\n\n\n\n<h3 class=\"wp-block-heading\"><strong>Sobre a Funda\u00e7\u00e3o Tony Elumelu<\/strong><\/h3>\n\n\n\n<p>A Funda\u00e7\u00e3o Tony Elumelu \u00e9 a <a href=\"https:\/\/www.heirsholdings.com\/pt\/filantropia\/\" data-type=\"page\" data-id=\"11\">liderar a filantropia <\/a>capacitar uma nova gera\u00e7\u00e3o de empres\u00e1rios africanos, impulsionar a erradica\u00e7\u00e3o da pobreza, catalisar a cria\u00e7\u00e3o de emprego em todos os 54 pa\u00edses africanos e assegurar uma capacita\u00e7\u00e3o econ\u00f3mica inclusiva.<\/p>\n\n\n\n<p>Desde o lan\u00e7amento do Programa de Empreendedorismo da Funda\u00e7\u00e3o Tony Elumelu em 2015, o TEF retirou mais de 2 milh\u00f5es de africanos da pobreza, proporcionou a 2,5 milh\u00f5es de jovens africanos acesso a forma\u00e7\u00e3o no TEFConnect e desembolsou mais de $100 milh\u00f5es em financiamento direto a milhares de empres\u00e1rios africanos que criaram mais de 1,5 milh\u00f5es de empregos diretos e indirectos e geraram mais de $4,2 mil milh\u00f5es em receitas.<\/p>","protected":false},"excerpt":{"rendered":"<p>3.000 empres\u00e1rios de toda a \u00c1frica a receber financiamento, forma\u00e7\u00e3o e orienta\u00e7\u00e3o desde 2015: Lagos, Nig\u00e9ria - 22 de mar\u00e7o de 2025 - A Funda\u00e7\u00e3o Tony Elumelu (TEF), a principal institui\u00e7\u00e3o filantr\u00f3pica africana que capacita empreendedores, anunciou que 3.000 empreendedores africanos provenientes de toda a \u00c1frica se juntar\u00e3o \u00e0 11\u00aa coorte do Programa de Empreendedorismo da TEF; impulsionando a redu\u00e7\u00e3o da pobreza, catalisando a cria\u00e7\u00e3o de empregos, ...<\/p>","protected":false},"author":17,"featured_media":25473,"comment_status":"closed","ping_status":"closed","sticky":false,"template":"","format":"standard","meta":{"_exactmetrics_skip_tracking":false,"_exactmetrics_sitenote_active":false,"_exactmetrics_sitenote_note":"","_exactmetrics_sitenote_category":0,"cybocfi_hide_featured_image":"yes","footnotes":""},"categories":[15,159],"tags":[],"class_list":["post-25466","post","type-post","status-publish","format-standard","has-post-thumbnail","hentry","category-press-releases","category-philanthropy"],"_links":{"self":[{"href":"https:\/\/www.heirsholdings.com\/pt\/wp-json\/wp\/v2\/posts\/25466","targetHints":{"allow":["GET"]}}],"collection":[{"href":"https:\/\/www.heirsholdings.com\/pt\/wp-json\/wp\/v2\/posts"}],"about":[{"href":"https:\/\/www.heirsholdings.com\/pt\/wp-json\/wp\/v2\/types\/post"}],"author":[{"embeddable":true,"href":"https:\/\/www.heirsholdings.com\/pt\/wp-json\/wp\/v2\/users\/17"}],"replies":[{"embeddable":true,"href":"https:\/\/www.heirsholdings.com\/pt\/wp-json\/wp\/v2\/comments?post=25466"}],"version-history":[{"count":3,"href":"https:\/\/www.heirsholdings.com\/pt\/wp-json\/wp\/v2\/posts\/25466\/revisions"}],"predecessor-version":[{"id":25474,"href":"https:\/\/www.heirsholdings.com\/pt\/wp-json\/wp\/v2\/posts\/25466\/revisions\/25474"}],"wp:featuredmedia":[{"embeddable":true,"href":"https:\/\/www.heirsholdings.com\/pt\/wp-json\/wp\/v2\/media\/25473"}],"wp:attachment":[{"href":"https:\/\/www.heirsholdings.com\/pt\/wp-json\/wp\/v2\/media?parent=25466"}],"wp:term":[{"taxonomy":"category","embeddable":true,"href":"https:\/\/www.heirsholdings.com\/pt\/wp-json\/wp\/v2\/categories?post=25466"},{"taxonomy":"post_tag","embeddable":true,"href":"https:\/\/www.heirsholdings.com\/pt\/wp-json\/wp\/v2\/tags?post=25466"}],"curies":[{"name":"wp","href":"https:\/\/api.w.org\/{rel}","templated":true}]}}