{"id":25378,"date":"2025-02-28T09:06:50","date_gmt":"2025-02-28T08:06:50","guid":{"rendered":"https:\/\/www.heirsholdings.com\/?p=25378"},"modified":"2025-03-03T10:56:36","modified_gmt":"2025-03-03T09:56:36","slug":"reforco-dos-lacos-regionais-tony-elumelu-visita-o-gabao-e-os-camaroes","status":"publish","type":"post","link":"https:\/\/www.heirsholdings.com\/pt\/strengthening-regional-ties-tony-elumelu-visits-gabon-and-cameroon\/","title":{"rendered":"Refor\u00e7ar os la\u00e7os regionais: Tony Elumelu visita o Gab\u00e3o e os Camar\u00f5es"},"content":{"rendered":"<p style=\"font-weight: 400;\">Esta semana, o fundador da Heirs Holdings e Presidente do Grupo, Tony O. Elumelu, CFR, embarcou numa visita estrat\u00e9gica ao Gab\u00e3o e aos Camar\u00f5es, refor\u00e7ando as colabora\u00e7\u00f5es econ\u00f3micas e empresariais em toda a regi\u00e3o.<\/p>\n<p style=\"font-weight: 400;\"><strong>Gab\u00e3o: Refor\u00e7o das rela\u00e7\u00f5es financeiras e econ\u00f3micas<\/strong><\/p>\n<p style=\"font-weight: 400;\">Tony Elumelu, fez uma visita de cortesia ao Presidente do Gab\u00e3o, S.E. Brice Oligui Nguema, para discutir parcerias econ\u00f3micas e aprofundar os la\u00e7os comerciais estrat\u00e9gicos. A acompanh\u00e1-lo nesta visita esteve o Chefe do Setor do Heirs Insurance Group, Niyi Onifade.<\/p>\n<p><img fetchpriority=\"high\" decoding=\"async\" class=\"wp-image-25379 aligncenter\" src=\"https:\/\/www.heirsholdings.com\/wp-content\/uploads\/2025\/03\/Picture-1.jpg\" alt=\"Refor\u00e7ar os la\u00e7os regionais\" width=\"450\" height=\"301\" srcset=\"https:\/\/www.heirsholdings.com\/wp-content\/uploads\/2025\/03\/Picture-1.jpg 867w, https:\/\/www.heirsholdings.com\/wp-content\/uploads\/2025\/03\/Picture-1-300x201.jpg 300w, https:\/\/www.heirsholdings.com\/wp-content\/uploads\/2025\/03\/Picture-1-768x514.jpg 768w, https:\/\/www.heirsholdings.com\/wp-content\/uploads\/2025\/03\/Picture-1-18x12.jpg 18w\" sizes=\"(max-width: 450px) 100vw, 450px\" \/><\/p>\n<p style=\"font-weight: 400;\"><img class=\"aligncenter\" \/><\/p>\n<p style=\"font-weight: 400;\">Ap\u00f3s este compromisso de alto n\u00edvel, visitou a UBA Gab\u00e3o, uma filial da nossa empresa participada, o United Bank of Africa (UBA), onde interagiu com os membros da equipa. Desde a sua cria\u00e7\u00e3o em 2009, o UBA Gab\u00e3o tem desempenhado um papel fundamental na capacita\u00e7\u00e3o financeira do pa\u00eds, apoiando tanto empresas como indiv\u00edduos.<\/p>\n<p>&nbsp;<\/p>\n<p style=\"font-weight: 400;\"><img decoding=\"async\" class=\"alignnone wp-image-25383\" src=\"https:\/\/www.heirsholdings.com\/wp-content\/uploads\/2025\/02\/Picture-2.jpg\" alt=\"Refor\u00e7o dos la\u00e7os regionais 2\" width=\"450\" height=\"301\" srcset=\"https:\/\/www.heirsholdings.com\/wp-content\/uploads\/2025\/02\/Picture-2.jpg 708w, https:\/\/www.heirsholdings.com\/wp-content\/uploads\/2025\/02\/Picture-2-300x200.jpg 300w, https:\/\/www.heirsholdings.com\/wp-content\/uploads\/2025\/02\/Picture-2-18x12.jpg 18w\" sizes=\"(max-width: 450px) 100vw, 450px\" \/> \u00a0 <img decoding=\"async\" class=\"alignnone wp-image-25384\" src=\"https:\/\/www.heirsholdings.com\/wp-content\/uploads\/2025\/02\/Picture-3.jpg\" alt=\"Refor\u00e7o dos la\u00e7os regionais 3\" width=\"450\" height=\"301\" srcset=\"https:\/\/www.heirsholdings.com\/wp-content\/uploads\/2025\/02\/Picture-3.jpg 708w, https:\/\/www.heirsholdings.com\/wp-content\/uploads\/2025\/02\/Picture-3-300x200.jpg 300w, https:\/\/www.heirsholdings.com\/wp-content\/uploads\/2025\/02\/Picture-3-18x12.jpg 18w\" sizes=\"(max-width: 450px) 100vw, 450px\" \/><\/p>\n<p><img loading=\"lazy\" decoding=\"async\" class=\"alignnone wp-image-25385\" src=\"https:\/\/www.heirsholdings.com\/wp-content\/uploads\/2025\/02\/Picture-4.jpg\" alt=\"Refor\u00e7o dos la\u00e7os regionais 4\" width=\"450\" height=\"563\" srcset=\"https:\/\/www.heirsholdings.com\/wp-content\/uploads\/2025\/02\/Picture-4.jpg 476w, https:\/\/www.heirsholdings.com\/wp-content\/uploads\/2025\/02\/Picture-4-240x300.jpg 240w, https:\/\/www.heirsholdings.com\/wp-content\/uploads\/2025\/02\/Picture-4-10x12.jpg 10w\" sizes=\"(max-width: 450px) 100vw, 450px\" \/><\/p>\n<p>&nbsp;<\/p>\n<p style=\"font-weight: 400;\"><strong>Camar\u00f5es: Discurso de abertura nos Encontros Econ\u00f3micos Inaugurais dos Camar\u00f5es<\/strong><\/p>\n<p style=\"font-weight: 400;\">A convite do Presidente dos Camar\u00f5es, S. Exa. Paul Biya, Tony Elumelu proferiu um discurso de abertura como convidado especial nos Encontros Econ\u00f3micos inaugurais dos Camar\u00f5es. Realizado sob o patroc\u00ednio do Primeiro-Ministro e Chefe de Governo, S. Exa. o Chefe Joseph Dion Ngute, o evento reuniu as principais partes interessadas da economia para discutir o desenvolvimento sustent\u00e1vel e o crescimento empresarial em \u00c1frica.<\/p>\n<p style=\"font-weight: 400;\">No seu discurso, partilhou ideias sobre empreendedorismo, transforma\u00e7\u00e3o econ\u00f3mica e o papel das empresas africanas nativas na constru\u00e7\u00e3o do futuro do continente.<\/p>\n<p><img loading=\"lazy\" decoding=\"async\" class=\"alignnone wp-image-25388\" src=\"https:\/\/www.heirsholdings.com\/wp-content\/uploads\/2025\/02\/Picture-5.jpg\" alt=\"Refor\u00e7o dos la\u00e7os regionais 5\" width=\"450\" height=\"561\" srcset=\"https:\/\/www.heirsholdings.com\/wp-content\/uploads\/2025\/02\/Picture-5.jpg 614w, https:\/\/www.heirsholdings.com\/wp-content\/uploads\/2025\/02\/Picture-5-240x300.jpg 240w, https:\/\/www.heirsholdings.com\/wp-content\/uploads\/2025\/02\/Picture-5-10x12.jpg 10w\" sizes=\"(max-width: 450px) 100vw, 450px\" \/> <img loading=\"lazy\" decoding=\"async\" class=\"alignnone wp-image-25389\" src=\"https:\/\/www.heirsholdings.com\/wp-content\/uploads\/2025\/02\/Picture-6.jpg\" alt=\"Refor\u00e7o dos la\u00e7os regionais 6\" width=\"430\" height=\"572\" srcset=\"https:\/\/www.heirsholdings.com\/wp-content\/uploads\/2025\/02\/Picture-6.jpg 601w, https:\/\/www.heirsholdings.com\/wp-content\/uploads\/2025\/02\/Picture-6-225x300.jpg 225w, https:\/\/www.heirsholdings.com\/wp-content\/uploads\/2025\/02\/Picture-6-9x12.jpg 9w\" sizes=\"(max-width: 430px) 100vw, 430px\" \/><\/p>\n<p><img loading=\"lazy\" decoding=\"async\" class=\"alignnone wp-image-25390\" src=\"https:\/\/www.heirsholdings.com\/wp-content\/uploads\/2025\/02\/Picture-7.jpg\" alt=\"Refor\u00e7o dos la\u00e7os regionais 7\" width=\"550\" height=\"368\" srcset=\"https:\/\/www.heirsholdings.com\/wp-content\/uploads\/2025\/02\/Picture-7.jpg 1078w, https:\/\/www.heirsholdings.com\/wp-content\/uploads\/2025\/02\/Picture-7-300x201.jpg 300w, https:\/\/www.heirsholdings.com\/wp-content\/uploads\/2025\/02\/Picture-7-1024x685.jpg 1024w, https:\/\/www.heirsholdings.com\/wp-content\/uploads\/2025\/02\/Picture-7-768x514.jpg 768w, https:\/\/www.heirsholdings.com\/wp-content\/uploads\/2025\/02\/Picture-7-18x12.jpg 18w\" sizes=\"(max-width: 550px) 100vw, 550px\" \/><\/p>\n<p style=\"font-weight: 400; text-align: center;\"><em>Comecei a minha vida como banqueiro j\u00fanior, constru\u00ed um banco, o UBA, mas esse banco \u00e9 agora apenas uma parte de uma vasta carteira que engloba - produ\u00e7\u00e3o de energia, distribui\u00e7\u00e3o de energia, petr\u00f3leo e g\u00e1s a montante que alimenta a nossa energia, cuidados de sa\u00fade, hotelaria, imobili\u00e1rio, tecnologia e, claro, servi\u00e7os financeiros... M\u00faltiplos sectores - com um objetivo - o rejuvenescimento da economia africana - e, em \u00faltima an\u00e1lise, contribuir para a independ\u00eancia econ\u00f3mica da economia africana\u201d.\u201d <\/em><\/p>\n<p style=\"font-weight: 400; text-align: center;\"><em>\u2013 Tony O. Elumelu, CFR<\/em><\/p>\n<p style=\"font-weight: 400;\"><strong>Distinguido com o pr\u00e9mio \u2018Africa Business Impact Award\u2019.\u2019<\/strong><\/p>\n<p style=\"font-weight: 400;\">Durante a sua visita aos Camar\u00f5es, Tony O. Elumelu foi reconhecido com o prestigiado \u2018Africa Business Impact Award\u2019 pelo Groupement des Entreprises du Cameroun (GECAM). Esta distin\u00e7\u00e3o reconheceu o seu compromisso de longa data com a capacita\u00e7\u00e3o econ\u00f3mica, a lideran\u00e7a do sector privado e o desenvolvimento empresarial sustent\u00e1vel em toda a \u00c1frica.<\/p>\n<p style=\"font-weight: 400;\"><strong> <img loading=\"lazy\" decoding=\"async\" class=\"alignnone wp-image-25392\" src=\"https:\/\/www.heirsholdings.com\/wp-content\/uploads\/2025\/02\/Picture-9.jpg\" alt=\"Refor\u00e7o dos la\u00e7os regionais 9\" width=\"550\" height=\"367\" srcset=\"https:\/\/www.heirsholdings.com\/wp-content\/uploads\/2025\/02\/Picture-9.jpg 864w, https:\/\/www.heirsholdings.com\/wp-content\/uploads\/2025\/02\/Picture-9-300x200.jpg 300w, https:\/\/www.heirsholdings.com\/wp-content\/uploads\/2025\/02\/Picture-9-768x513.jpg 768w, https:\/\/www.heirsholdings.com\/wp-content\/uploads\/2025\/02\/Picture-9-18x12.jpg 18w\" sizes=\"(max-width: 550px) 100vw, 550px\" \/> <img loading=\"lazy\" decoding=\"async\" class=\"alignnone wp-image-25393\" src=\"https:\/\/www.heirsholdings.com\/wp-content\/uploads\/2025\/02\/Picture-10.jpg\" alt=\"Refor\u00e7o dos la\u00e7os regionais 10\" width=\"315\" height=\"367\" srcset=\"https:\/\/www.heirsholdings.com\/wp-content\/uploads\/2025\/02\/Picture-10.jpg 495w, https:\/\/www.heirsholdings.com\/wp-content\/uploads\/2025\/02\/Picture-10-257x300.jpg 257w, https:\/\/www.heirsholdings.com\/wp-content\/uploads\/2025\/02\/Picture-10-10x12.jpg 10w\" sizes=\"(max-width: 315px) 100vw, 315px\" \/><\/strong><\/p>\n<p><img loading=\"lazy\" decoding=\"async\" class=\"alignnone wp-image-25394\" src=\"https:\/\/www.heirsholdings.com\/wp-content\/uploads\/2025\/02\/Picture-11.jpg\" alt=\"Refor\u00e7o dos la\u00e7os regionais 11\" width=\"600\" height=\"402\" srcset=\"https:\/\/www.heirsholdings.com\/wp-content\/uploads\/2025\/02\/Picture-11.jpg 904w, https:\/\/www.heirsholdings.com\/wp-content\/uploads\/2025\/02\/Picture-11-300x201.jpg 300w, https:\/\/www.heirsholdings.com\/wp-content\/uploads\/2025\/02\/Picture-11-768x514.jpg 768w, https:\/\/www.heirsholdings.com\/wp-content\/uploads\/2025\/02\/Picture-11-18x12.jpg 18w\" sizes=\"(max-width: 600px) 100vw, 600px\" \/><\/p>\n<p>&nbsp;<\/p>\n<p style=\"font-weight: 400;\">A terminar a sua viagem, Tony Elumelu encontrou-se tamb\u00e9m com alguns membros dos antigos alunos da Funda\u00e7\u00e3o Tony Elumelu (TEF) nos Camar\u00f5es.<\/p>\n<p style=\"font-weight: 400;\">Desde a promo\u00e7\u00e3o da diplomacia econ\u00f3mica at\u00e9 ao contacto com futuros l\u00edderes empresariais, as recentes visitas de Tony O. Elumelu ao Gab\u00e3o e aos Camar\u00f5es reafirmam o empenho da Heirs Holdings em impulsionar o renascimento econ\u00f3mico de \u00c1frica.<\/p>","protected":false},"excerpt":{"rendered":"<p>Esta semana, o fundador da Heirs Holdings e Presidente do Grupo, Tony O. Elumelu, CFR, embarcou numa visita estrat\u00e9gica ao Gab\u00e3o e aos Camar\u00f5es, refor\u00e7ando as colabora\u00e7\u00f5es econ\u00f3micas e empresariais em toda a regi\u00e3o.<\/p>","protected":false},"author":12,"featured_media":25379,"comment_status":"closed","ping_status":"closed","sticky":false,"template":"","format":"standard","meta":{"_exactmetrics_skip_tracking":false,"_exactmetrics_sitenote_active":false,"_exactmetrics_sitenote_note":"","_exactmetrics_sitenote_category":0,"cybocfi_hide_featured_image":"yes","footnotes":""},"categories":[9,25,157],"tags":[],"class_list":["post-25378","post","type-post","status-publish","format-standard","has-post-thumbnail","hentry","category-articles","category-events","category-financial-services"],"_links":{"self":[{"href":"https:\/\/www.heirsholdings.com\/pt\/wp-json\/wp\/v2\/posts\/25378","targetHints":{"allow":["GET"]}}],"collection":[{"href":"https:\/\/www.heirsholdings.com\/pt\/wp-json\/wp\/v2\/posts"}],"about":[{"href":"https:\/\/www.heirsholdings.com\/pt\/wp-json\/wp\/v2\/types\/post"}],"author":[{"embeddable":true,"href":"https:\/\/www.heirsholdings.com\/pt\/wp-json\/wp\/v2\/users\/12"}],"replies":[{"embeddable":true,"href":"https:\/\/www.heirsholdings.com\/pt\/wp-json\/wp\/v2\/comments?post=25378"}],"version-history":[{"count":7,"href":"https:\/\/www.heirsholdings.com\/pt\/wp-json\/wp\/v2\/posts\/25378\/revisions"}],"predecessor-version":[{"id":25640,"href":"https:\/\/www.heirsholdings.com\/pt\/wp-json\/wp\/v2\/posts\/25378\/revisions\/25640"}],"wp:featuredmedia":[{"embeddable":true,"href":"https:\/\/www.heirsholdings.com\/pt\/wp-json\/wp\/v2\/media\/25379"}],"wp:attachment":[{"href":"https:\/\/www.heirsholdings.com\/pt\/wp-json\/wp\/v2\/media?parent=25378"}],"wp:term":[{"taxonomy":"category","embeddable":true,"href":"https:\/\/www.heirsholdings.com\/pt\/wp-json\/wp\/v2\/categories?post=25378"},{"taxonomy":"post_tag","embeddable":true,"href":"https:\/\/www.heirsholdings.com\/pt\/wp-json\/wp\/v2\/tags?post=25378"}],"curies":[{"name":"wp","href":"https:\/\/api.w.org\/{rel}","templated":true}]}}