{"id":26371,"date":"2025-10-23T10:56:27","date_gmt":"2025-10-23T09:56:27","guid":{"rendered":"https:\/\/www.heirsholdings.com\/?p=26371"},"modified":"2025-10-23T11:21:25","modified_gmt":"2025-10-23T10:21:25","slug":"tony-elumelus-prononce-un-discours-lors-de-lexpo-2025-du-sommetabuja-sur-linvestissement-des-entreprises","status":"publish","type":"post","link":"https:\/\/www.heirsholdings.com\/fr\/tony-elumelus-keynote-remarks-at-theabuja-business-investment-summit-expo-2025\/","title":{"rendered":"Remarques de Tony Elumelu lors du Sommet des affaires et des investissements d'Abuja et de l'EXPO 2025"},"content":{"rendered":"<p>Le fondateur et pr\u00e9sident du groupe Heirs Holdings, Tony O Elumelu, CFR, a prononc\u00e9 le discours d'ouverture de la conf\u00e9rence. <a href=\"https:\/\/www.heirsholdings.com\/fr\/discours-de-tony-elumelus-lors-de-la-reunion-du-caucus-africain-2025\/\">discours d'ouverture<\/a> aux chefs d'entreprise, au secteur priv\u00e9 et aux d\u00e9cideurs politiques lors de l'Abuja Investment Summit &amp; Expo 2025, sur le th\u00e8me \u201cEmpowering Sustainable Growth : Lib\u00e9rer le potentiel des march\u00e9s \u00e9mergents\u201d.<\/p>\r\n\r\n\r\n\r\n<p>Son discours intitul\u00e9 \u201cLe leadership du secteur priv\u00e9 \u00e0 l'avant-garde de la transformation \u00e9conomique de l'Afrique\u201d a amplifi\u00e9 le r\u00f4le du secteur priv\u00e9 en tant que moteur du d\u00e9veloppement de l'Afrique.<\/p>\r\n\r\n\r\n\r\n<div class=\"wp-block-embed__wrapper\">\r\n<p><div class=\"disha-wp-video-wrap\"><iframe title=\"Tony Elumelu prononce un discours liminaire lors du sommet des affaires et des investissements d&#039;Abuja et de l&#039;EXPO 2025\" width=\"1220\" height=\"686\" src=\"https:\/\/www.youtube.com\/embed\/9DvNVnEcvvk?feature=oembed&enablejsapi=1\" frameborder=\"0\" allow=\"accelerometer; autoplay; clipboard-write; encrypted-media; gyroscope; picture-in-picture; web-share\" referrerpolicy=\"strict-origin-when-cross-origin\" allowfullscreen><\/iframe><\/div><\/p>\r\n<\/div>\r\n<div>\u00a0<\/div>\r\n\r\n\r\n\r\n<div class=\"wp-block-spacer\" style=\"height: 28px;\" aria-hidden=\"true\">\u00a0<\/div>\r\n\r\n\r\n\r\n<p><strong>Ouverture\/Salutations<\/strong><\/p>\r\n\r\n\r\n\r\n<ul class=\"wp-block-list\">\r\n<li>Bonjour, Mesdames et Messieurs les ministres, distingu\u00e9s invit\u00e9s, capitaines d'industrie, d\u00e9cideurs politiques, partenaires de d\u00e9veloppement et membres de la presse.<\/li>\r\n<\/ul>\r\n\r\n\r\n\r\n<ul class=\"wp-block-list\">\r\n<li>Permettez-moi tout d'abord de f\u00e9liciter l'Abuja Investments Company Limited et sa directrice g\u00e9n\u00e9rale visionnaire, Mme Maureen Tamuno, pour ce sommet strat\u00e9gique et opportun. R\u00e9unir les secteurs public et priv\u00e9 dans une m\u00eame salle, c'est ainsi que s'amorce un changement r\u00e9el et durable.<\/li>\r\n<\/ul>\r\n\r\n\r\n\r\n<ul class=\"wp-block-list\">\r\n<li>Je f\u00e9licite \u00e9galement mon fr\u00e8re, l'honorable ministre du FCT, Barrister Nyesom Wike, pour la remarquable transformation dont nous continuons d'\u00eatre les t\u00e9moins dans notre capitale f\u00e9d\u00e9rale. Abuja est la fen\u00eatre de notre nation - je salue ses efforts incessants pour faire en sorte que notre capitale f\u00e9d\u00e9rale t\u00e9moigne de notre excellence.<\/li>\r\n<\/ul>\r\n\r\n\r\n\r\n<ul class=\"wp-block-list\">\r\n<li>C'est \u00e0 la fois un honneur et une responsabilit\u00e9 de m'adresser \u00e0 vous aujourd'hui sur un sujet qui est au c\u0153ur m\u00eame de l'avenir de notre continent, \u00e0 savoir le r\u00f4le du secteur priv\u00e9 dans la transformation \u00e9conomique de l'Afrique.<\/li>\r\n<\/ul>\r\n\r\n\r\n\r\n<div class=\"wp-block-spacer\" style=\"height: 29px;\" aria-hidden=\"true\">\u00a0<\/div>\r\n\r\n\r\n\r\n<p><strong>D\u00e9finir le contexte<\/strong><\/p>\r\n\r\n\r\n\r\n<ul class=\"wp-block-list\">\r\n<li>L'Afrique se trouve aujourd'hui \u00e0 un moment charni\u00e8re de son parcours \u00e9conomique.<\/li>\r\n<\/ul>\r\n\r\n\r\n\r\n<ul class=\"wp-block-list\">\r\n<li>Nous sommes le plus jeune continent du monde, dot\u00e9 de vastes ressources naturelles, d'un march\u00e9 de consommation en pleine expansion et d'un esprit d'entreprise dynamique.<\/li>\r\n<\/ul>\r\n\r\n\r\n\r\n<ul class=\"wp-block-list\">\r\n<li>Pourtant, nous sommes \u00e9galement confront\u00e9s \u00e0 des d\u00e9fis persistants : le ch\u00f4mage des jeunes, les d\u00e9ficits d'infrastructure, l'acc\u00e8s limit\u00e9 au financement, la d\u00e9vastation du climat et les effets persistants de la volatilit\u00e9 de l'\u00e9conomie mondiale.<\/li>\r\n<\/ul>\r\n\r\n\r\n\r\n<ul class=\"wp-block-list\">\r\n<li>Mais ces d\u00e9fis rec\u00e8lent une opportunit\u00e9 extraordinaire :<br \/>Construire une nouvelle \u00e9conomie africaine fond\u00e9e sur l'innovation, l'esprit d'entreprise et le leadership du secteur priv\u00e9.<\/li>\r\n<\/ul>\r\n\r\n\r\n\r\n<div class=\"wp-block-spacer\" style=\"height: 29px;\" aria-hidden=\"true\">\u00a0<\/div>\r\n\r\n\r\n\r\n<p><strong>Le secteur priv\u00e9, moteur de la transformation<\/strong><\/p>\r\n\r\n\r\n\r\n<ul class=\"wp-block-list\">\r\n<li>Aucune nation n'a atteint une prosp\u00e9rit\u00e9 durable sans un secteur priv\u00e9 dynamique.<\/li>\r\n<\/ul>\r\n\r\n\r\n\r\n<ul class=\"wp-block-list\">\r\n<li>En Afrique, le secteur priv\u00e9 contribue d\u00e9j\u00e0 \u00e0 plus de 70% du PIB du continent et \u00e0 plus de 80% de l'emploi total.<\/li>\r\n<\/ul>\r\n\r\n\r\n\r\n<ul class=\"wp-block-list\">\r\n<li>Mais il ne s'agit pas seulement de chiffres, il s'agit d'influence et d'initiative.<\/li>\r\n<\/ul>\r\n\r\n\r\n\r\n<ul class=\"wp-block-list\">\r\n<li>Le secteur priv\u00e9 stimule la productivit\u00e9, connecte les march\u00e9s, mobilise les investissements et renforce la r\u00e9silience.<\/li>\r\n<\/ul>\r\n\r\n\r\n\r\n<ul class=\"wp-block-list\">\r\n<li>Des start-ups de la fintech \u00e0 Lagos aux entreprises d'\u00e9nergie renouvelable \u00e0 Nairobi, des entrepreneurs de l'agro-industrie \u00e0 Kigali aux innovateurs de l'industrie manufacturi\u00e8re \u00e0 Johannesburg, le secteur priv\u00e9 est en train de r\u00e9imaginer ce qui est possible pour l'Afrique.<\/li>\r\n<\/ul>\r\n\r\n\r\n\r\n<ul class=\"wp-block-list\">\r\n<li>Je parle d'exp\u00e9rience.<\/li>\r\n<\/ul>\r\n\r\n\r\n\r\n<ul class=\"wp-block-list\">\r\n<li>Chez Heirs Holdings, cette conviction est \u00e0 la base de tout ce que nous faisons. C'est ce que j'appelle l'Africapitalisme - la philosophie selon laquelle le secteur priv\u00e9 doit conduire la transformation de l'Afrique en investissant \u00e0 long terme dans des secteurs qui g\u00e9n\u00e8rent \u00e0 la fois la prosp\u00e9rit\u00e9 \u00e9conomique et la richesse sociale.<\/li>\r\n<\/ul>\r\n\r\n\r\n\r\n<div class=\"wp-block-spacer\" style=\"height: 29px;\" aria-hidden=\"true\">\u00a0<\/div>\r\n\r\n\r\n\r\n<p><strong>Le leadership au-del\u00e0 du profit<\/strong><\/p>\r\n\r\n\r\n\r\n<ul class=\"wp-block-list\">\r\n<li>Le v\u00e9ritable leadership ne consiste pas seulement \u00e0 g\u00e9n\u00e9rer des profits, mais aussi des progr\u00e8s.<\/li>\r\n<\/ul>\r\n\r\n\r\n\r\n<ul class=\"wp-block-list\">\r\n<li>Le secteur priv\u00e9 de l'Afrique doit diriger avec un sens de l'objectif :<\/li>\r\n<\/ul>\r\n\r\n\r\n\r\n<ul class=\"wp-block-list\">\r\n<li>Investir dans le d\u00e9veloppement des comp\u00e9tences pour autonomiser la jeunesse africaine.<\/li>\r\n<\/ul>\r\n\r\n\r\n\r\n<ul class=\"wp-block-list\">\r\n<li>D\u00e9fendre la durabilit\u00e9 et la croissance verte \u00e0 mesure que nous nous industrialisons.<\/li>\r\n<\/ul>\r\n\r\n\r\n\r\n<ul class=\"wp-block-list\">\r\n<li>Construire des cha\u00eenes de valeur inclusives qui int\u00e8grent les petites entreprises et les communaut\u00e9s rurales dans l'histoire de la croissance.<\/li>\r\n<\/ul>\r\n\r\n\r\n\r\n<ul class=\"wp-block-list\">\r\n<li>Favoriser la transformation num\u00e9rique pour d\u00e9bloquer la productivit\u00e9 et la comp\u00e9titivit\u00e9.<\/li>\r\n<\/ul>\r\n\r\n\r\n\r\n<ul class=\"wp-block-list\">\r\n<li>C'est ce que signifie diriger \u00e0 l'avant-garde de la transformation - non seulement participer \u00e0 la croissance, mais aussi la fa\u00e7onner.<\/li>\r\n<\/ul>\r\n\r\n\r\n\r\n<ul class=\"wp-block-list\">\r\n<li>\u201cBien faire et faire le bien\u201d ne s'excluent pas l'un l'autre - au contraire, ce sont les deux fondements de la transformation de l'Afrique.<\/li>\r\n<\/ul>\r\n\r\n\r\n\r\n<ul class=\"wp-block-list\">\r\n<li>Cette ann\u00e9e, Heirs Holdings c\u00e9l\u00e8bre 15 ans de d\u00e9finition de l'Africapitalisme - 15 ans d'investissements qui cr\u00e9ent de la valeur, renforcent les communaut\u00e9s et transforment les vies.<\/li>\r\n<\/ul>\r\n\r\n\r\n\r\n<div class=\"wp-block-spacer\" style=\"height: 29px;\" aria-hidden=\"true\">\u00a0<\/div>\r\n\r\n\r\n\r\n<p><strong>Notre engagement envers notre territoire de la capitale f\u00e9d\u00e9rale, Abuja<\/strong><\/p>\r\n\r\n\r\n\r\n<ul class=\"wp-block-list\">\r\n<li>Nos investissements \u00e0 Abuja t\u00e9moignent de notre vision - ex\u00e9cut\u00e9e !<\/li>\r\n<\/ul>\r\n\r\n\r\n\r\n<ul class=\"wp-block-list\">\r\n<li>Nos r\u00e9sultats \u00e0 Abuja sont la preuve vivante de notre philosophie : nous avons tenu nos promesses !<\/li>\r\n<\/ul>\r\n\r\n\r\n\r\n<ul class=\"wp-block-list\">\r\n<li>Par l'interm\u00e9diaire du groupe Transcorp, nous avons transform\u00e9 le Transcorp Hilton Abuja - d'un monument vieillissant, qui ne rendait pas justice \u00e0 notre nation, en une ic\u00f4ne contemporaine de l'h\u00f4tellerie de classe mondiale. Un lieu qui accueille le monde entier.<\/li>\r\n<\/ul>\r\n\r\n\r\n\r\n<ul class=\"wp-block-list\">\r\n<li>Aujourd'hui, le Transcorp Hilton est l'un des plus grands h\u00f4tels d'Afrique, un symbole d'excellence ici m\u00eame \u00e0 Abuja. Un phare de notre potentiel, o\u00f9 le Nigeria accueille le monde et offre l'excellence africaine.<\/li>\r\n<\/ul>\r\n\r\n\r\n\r\n<ul class=\"wp-block-list\">\r\n<li>Nous ne nous sommes pas arr\u00eat\u00e9s l\u00e0 : cette ann\u00e9e, nous avons inaugur\u00e9 le Transcorp Event Centre, un espace ultramoderne d'une capacit\u00e9 de 5 000 places, qui fait d'Abuja un centre d'affaires et de tourisme.<\/li>\r\n<\/ul>\r\n\r\n\r\n\r\n<ul class=\"wp-block-list\">\r\n<li>Notre investissement dans la soci\u00e9t\u00e9 de distribution d'\u00e9lectricit\u00e9 d'Abuja (AEDC) est un autre exemple de la transformation du secteur priv\u00e9 en action. Nous savons que l'\u00e9lectricit\u00e9 est un facteur de productivit\u00e9 : les foyers, les h\u00f4pitaux, les \u00e9coles et les entreprises en d\u00e9pendent.<\/li>\r\n<\/ul>\r\n\r\n\r\n\r\n<ul class=\"wp-block-list\">\r\n<li>Nous avons fait des progr\u00e8s, mais il reste des d\u00e9fis \u00e0 relever, notamment des obligations impay\u00e9es sur l'\u00e9lectricit\u00e9 produite et vendue au gouvernement, qui limitent la vitesse \u00e0 laquelle nous pouvons agir. C'est pourquoi le forum d'aujourd'hui est important : c'est par un dialogue honn\u00eate que nous cr\u00e9erons un environnement propice \u00e0 l'essor des capitaux priv\u00e9s.<\/li>\r\n<\/ul>\r\n\r\n\r\n\r\n<ul class=\"wp-block-list\">\r\n<li>\u201cLorsque les investisseurs r\u00e9ussissent, la nation r\u00e9ussit.\u201d<\/li>\r\n<\/ul>\r\n\r\n\r\n\r\n<ul class=\"wp-block-list\">\r\n<li>Dans l'ensemble de notre groupe, nous employons directement et indirectement environ 7 000 Nig\u00e9rians, rien qu'\u00e0 Abuja.<\/li>\r\n<\/ul>\r\n\r\n\r\n\r\n<ul class=\"wp-block-list\">\r\n<li>Gr\u00e2ce \u00e0 la Fondation Tony Elumelu, nous avons permis \u00e0 plus de 24 000 jeunes Africains, dont 641 \u00e0 Abuja, de b\u00e9n\u00e9ficier chacun d'un capital de d\u00e9part non remboursable de $5 000, d'une formation et d'un mentorat.<\/li>\r\n<\/ul>\r\n\r\n\r\n\r\n<div class=\"wp-block-spacer\" style=\"height: 29px;\" aria-hidden=\"true\">\u00a0<\/div>\r\n\r\n\r\n\r\n<p><strong>Collaboration avec les gouvernements et les partenaires de d\u00e9veloppement<\/strong><\/p>\r\n\r\n\r\n\r\n<ul class=\"wp-block-list\">\r\n<li>Pour que la transformation soit durable, le secteur priv\u00e9 ne peut agir seul.<\/li>\r\n<\/ul>\r\n\r\n\r\n\r\n<ul class=\"wp-block-list\">\r\n<li>Nous devons \u00e9tablir un nouveau contrat social entre les gouvernements, les entreprises et les citoyens, fond\u00e9 sur la confiance, la transparence et une vision commune.<\/li>\r\n<\/ul>\r\n\r\n\r\n\r\n<ul class=\"wp-block-list\">\r\n<li>Les gouvernements doivent cr\u00e9er un environnement favorable - des politiques macro\u00e9conomiques saines, des infrastructures fiables et des r\u00e9glementations pr\u00e9visibles.<\/li>\r\n<\/ul>\r\n\r\n\r\n\r\n<ul class=\"wp-block-list\">\r\n<li>En contrepartie, le secteur priv\u00e9 doit respecter des normes \u00e9thiques, investir localement et avoir un impact social tangible.<\/li>\r\n<\/ul>\r\n\r\n\r\n\r\n<ul class=\"wp-block-list\">\r\n<li>Les partenariats public-priv\u00e9 sont les passerelles qui permettent de transformer les ambitions en r\u00e9alisations, que ce soit dans le domaine de la connectivit\u00e9 num\u00e9rique, de l'agriculture, des infrastructures de transport ou de la production d'\u00e9nergie.<\/li>\r\n<\/ul>\r\n\r\n\r\n\r\n<div class=\"wp-block-spacer\" style=\"height: 29px;\" aria-hidden=\"true\">\u00a0<\/div>\r\n\r\n\r\n\r\n<p><strong>Pour que le secteur priv\u00e9 tienne ses promesses, le gouvernement doit le soutenir, l'appuyer et s'associer \u00e0 lui.<\/strong><\/p>\r\n\r\n\r\n\r\n<ul class=\"wp-block-list\">\r\n<li>Les capitaux priv\u00e9s sont patients, mais ont besoin de certitudes.<\/li>\r\n<\/ul>\r\n\r\n\r\n\r\n<ul class=\"wp-block-list\">\r\n<li>\u201cUne r\u00e9glementation pr\u00e9visible attire les investissements \u00e0 long terme ; l'incoh\u00e9rence les fait fuir.\u201d<\/li>\r\n<\/ul>\r\n\r\n\r\n\r\n<ul class=\"wp-block-list\">\r\n<li>Aucun investisseur ne s'engagera l\u00e0 o\u00f9 les r\u00e8gles changent constamment.<\/li>\r\n<\/ul>\r\n\r\n\r\n\r\n<ul class=\"wp-block-list\">\r\n<li>La confiance est la monnaie de l'investissement - et la stabilit\u00e9 politique convertit la confiance en capital.<\/li>\r\n<\/ul>\r\n\r\n\r\n\r\n<ul class=\"wp-block-list\">\r\n<li>Lorsqu'on m'a demand\u00e9 r\u00e9cemment \u00e0 Oslo : \u201cPourquoi investir en Afrique alors que les risques sont si \u00e9lev\u00e9s ?\u201d, ma r\u00e9ponse a \u00e9t\u00e9 simple :<\/li>\r\n<\/ul>\r\n\r\n\r\n\r\n<ul class=\"wp-block-list\">\r\n<li>\u201cIl y a des risques partout, mais en Afrique, les rendements sont plus \u00e9lev\u00e9s et l'impact est plus profond.\u201d<\/li>\r\n<\/ul>\r\n\r\n\r\n\r\n<ul class=\"wp-block-list\">\r\n<li>Toutefois, l'optimisme doit s'accompagner d'une structure.<br \/>Nous avons besoin de coh\u00e9rence, d'un \u00c9tat de droit et d'infrastructures qui permettent aux entreprises de prosp\u00e9rer.<\/li>\r\n<\/ul>\r\n\r\n\r\n\r\n<div class=\"wp-block-spacer\" style=\"height: 29px;\" aria-hidden=\"true\">\u00a0<\/div>\r\n\r\n\r\n\r\n<p><strong>Financer l'avenir<\/strong><\/p>\r\n\r\n\r\n\r\n<ul class=\"wp-block-list\">\r\n<li>La transformation de l'Afrique n\u00e9cessite des capitaux, mais pas n'importe lesquels. Il faut un capital patient, volontaire et panafricain.<\/li>\r\n<\/ul>\r\n\r\n\r\n\r\n<ul class=\"wp-block-list\">\r\n<li>L'essor des fonds d'investissement africains, des investisseurs d'impact et du financement de la diaspora change la donne.<\/li>\r\n<\/ul>\r\n\r\n\r\n\r\n<ul class=\"wp-block-list\">\r\n<li>Nous devons approfondir nos march\u00e9s de capitaux, adopter l'innovation fintech et \u00e9largir l'acc\u00e8s au cr\u00e9dit pour les MPME - la v\u00e9ritable colonne vert\u00e9brale de nos \u00e9conomies.<\/li>\r\n<\/ul>\r\n\r\n\r\n\r\n<ul class=\"wp-block-list\">\r\n<li>Si nous alignons le capital sur la vision, l'Afrique ne se contentera pas de cro\u00eetre, elle prosp\u00e9rera.<\/li>\r\n<\/ul>\r\n\r\n\r\n\r\n<div class=\"wp-block-spacer\" style=\"height: 29px;\" aria-hidden=\"true\">\u00a0<\/div>\r\n\r\n\r\n\r\n<p><strong>Un appel \u00e0 l'action<\/strong><\/p>\r\n\r\n\r\n\r\n<ul class=\"wp-block-list\">\r\n<li>Mesdames et Messieurs, le temps des changements progressifs est r\u00e9volu.<\/li>\r\n<\/ul>\r\n\r\n\r\n\r\n<ul class=\"wp-block-list\">\r\n<li>Nous devons maintenant prendre la t\u00eate d'un mouvement continental d'entreprises, o\u00f9 les entreprises africaines ne sont pas seulement des consommateurs d'id\u00e9es mondiales, mais des cr\u00e9ateurs de valeur mondiale.<\/li>\r\n<\/ul>\r\n\r\n\r\n\r\n<ul class=\"wp-block-list\">\r\n<li>Nous devons \u00eatre des architectes du progr\u00e8s.<\/li>\r\n<\/ul>\r\n\r\n\r\n\r\n<ul class=\"wp-block-list\">\r\n<li>Je ne peux pas r\u00e9ussir si le plus grand nombre ne r\u00e9ussit pas.<\/li>\r\n<\/ul>\r\n\r\n\r\n\r\n<ul class=\"wp-block-list\">\r\n<li>Croyons en l'excellence africaine.<\/li>\r\n<\/ul>\r\n\r\n\r\n\r\n<ul class=\"wp-block-list\">\r\n<li>Investissons dans l'innovation africaine.<\/li>\r\n<\/ul>\r\n\r\n\r\n\r\n<ul class=\"wp-block-list\">\r\n<li>Comment pouvons-nous esp\u00e9rer que les investisseurs \u00e9trangers croient en nous si nous n'investissons pas dans notre propre \u00e9conomie ?<\/li>\r\n<\/ul>\r\n\r\n\r\n\r\n<ul class=\"wp-block-list\">\r\n<li>Construisons l'Afrique que nous m\u00e9ritons, c'est-\u00e0-dire une Afrique prosp\u00e8re, inclusive et autonome.<\/li>\r\n<\/ul>\r\n\r\n\r\n\r\n<ul class=\"wp-block-list\">\r\n<li>\u201cConstruire des \u00e9conomies, et non extraire des profits\u201d : telle doit \u00eatre la nouvelle philosophie des entreprises africaines !<\/li>\r\n<\/ul>\r\n\r\n\r\n\r\n<div class=\"wp-block-spacer\" style=\"height: 29px;\" aria-hidden=\"true\">\u00a0<\/div>\r\n\r\n\r\n\r\n<p><strong>Conclusion<\/strong><\/p>\r\n\r\n\r\n\r\n<ul class=\"wp-block-list\">\r\n<li>En conclusion, la transformation \u00e9conomique de l'Afrique ne s'\u00e9crira pas dans les salles de conf\u00e9rence de New York, Londres ou P\u00e9kin.<\/li>\r\n<\/ul>\r\n\r\n\r\n\r\n<ul class=\"wp-block-list\">\r\n<li>Elle sera \u00e9crite ici, par des entrepreneurs, des investisseurs et des dirigeants africains, \u00e0 l'avant-garde de l'histoire, transformant les d\u00e9fis en opportunit\u00e9s et le potentiel en prosp\u00e9rit\u00e9.<\/li>\r\n<\/ul>\r\n\r\n\r\n\r\n<ul class=\"wp-block-list\">\r\n<li>Merci.<\/li>\r\n<\/ul>\r\n\r\n\r\n\r\n<ul class=\"wp-block-list\">\r\n<li>Que Dieu vous b\u00e9nisse, que Dieu b\u00e9nisse notre Pr\u00e9sident et que Dieu b\u00e9nisse l'Afrique.<\/li>\r\n<\/ul>\r\n\r\n\r\n\r\n<div class=\"wp-block-spacer\" style=\"height: 151px;\" aria-hidden=\"true\">\u00a0<\/div>","protected":false},"excerpt":{"rendered":"<p>Heirs Holdings Founder &amp; Group Chair, Tony O Elumelu, CFR, delivered the keynote to business leaders, the private sector, and policymakers at the Abuja Investment Summit &amp; Expo 2025, themed &#8220;Empowering Sustainable Growth: Unlocking Potential in Emerging Markets&#8221;. His address titled \u201cPrivate Sector Leadership at the Forefront of Africa\u2019s Economic Transformation\u201d amplified the private sector&#8217;s &hellip;<\/p>","protected":false},"author":12,"featured_media":26373,"comment_status":"closed","ping_status":"closed","sticky":false,"template":"","format":"standard","meta":{"_exactmetrics_skip_tracking":false,"_exactmetrics_sitenote_active":false,"_exactmetrics_sitenote_note":"","_exactmetrics_sitenote_category":0,"cybocfi_hide_featured_image":"","footnotes":""},"categories":[166,25],"tags":[],"class_list":["post-26371","post","type-post","status-publish","format-standard","has-post-thumbnail","hentry","category-chairmans-blogpost","category-events"],"_links":{"self":[{"href":"https:\/\/www.heirsholdings.com\/fr\/wp-json\/wp\/v2\/posts\/26371","targetHints":{"allow":["GET"]}}],"collection":[{"href":"https:\/\/www.heirsholdings.com\/fr\/wp-json\/wp\/v2\/posts"}],"about":[{"href":"https:\/\/www.heirsholdings.com\/fr\/wp-json\/wp\/v2\/types\/post"}],"author":[{"embeddable":true,"href":"https:\/\/www.heirsholdings.com\/fr\/wp-json\/wp\/v2\/users\/12"}],"replies":[{"embeddable":true,"href":"https:\/\/www.heirsholdings.com\/fr\/wp-json\/wp\/v2\/comments?post=26371"}],"version-history":[{"count":5,"href":"https:\/\/www.heirsholdings.com\/fr\/wp-json\/wp\/v2\/posts\/26371\/revisions"}],"predecessor-version":[{"id":26381,"href":"https:\/\/www.heirsholdings.com\/fr\/wp-json\/wp\/v2\/posts\/26371\/revisions\/26381"}],"wp:featuredmedia":[{"embeddable":true,"href":"https:\/\/www.heirsholdings.com\/fr\/wp-json\/wp\/v2\/media\/26373"}],"wp:attachment":[{"href":"https:\/\/www.heirsholdings.com\/fr\/wp-json\/wp\/v2\/media?parent=26371"}],"wp:term":[{"taxonomy":"category","embeddable":true,"href":"https:\/\/www.heirsholdings.com\/fr\/wp-json\/wp\/v2\/categories?post=26371"},{"taxonomy":"post_tag","embeddable":true,"href":"https:\/\/www.heirsholdings.com\/fr\/wp-json\/wp\/v2\/tags?post=26371"}],"curies":[{"name":"wp","href":"https:\/\/api.w.org\/{rel}","templated":true}]}}