{"id":1197,"date":"2016-05-20T16:30:03","date_gmt":"2016-05-20T15:30:03","guid":{"rendered":"http:\/\/heirsholdings.com\/?p=1197"},"modified":"2024-11-04T16:23:18","modified_gmt":"2024-11-04T15:23:18","slug":"toe-visits-beautiful-east-africa-wef-africa-musings","status":"publish","type":"post","link":"https:\/\/www.heirsholdings.com\/fr\/toe-visits-beautiful-east-africa-wef-africa-musings\/","title":{"rendered":"TOE visite la belle Afrique de l\u2019Est (r\u00e9flexions du WEF Afrique)"},"content":{"rendered":"<div class=\"_2cuy _3dgx _2vxa\" style=\"text-align: left;\">La semaine derni\u00e8re, j'ai visit\u00e9 deux pays prometteurs d'Afrique de l'Est : l'Ouganda et le Rwanda. Je me suis rendu en Ouganda pour des engagements li\u00e9s \u00e0 la Banque unie d'Afrique et au programme d'entrepreneuriat de la Fondation Tony Elumelu, et au Rwanda pour copr\u00e9sider le Forum \u00e9conomique mondial sur l'Afrique aux c\u00f4t\u00e9s d'Akin Adesina, pr\u00e9sident de la Banque africaine de d\u00e9veloppement, de Graca Machel, ancienne premi\u00e8re dame du Mozambique et veuve de Nelson Mandela, de Philippe le Houerou, PDG de la Soci\u00e9t\u00e9 financi\u00e8re internationale, et de Tarek Sultan Al Esso, vice-pr\u00e9sident du conseil d'administration de l'Agility.<\/div>\n<div class=\"_2cuy _3dgx _2vxa\" style=\"text-align: left;\"><\/div>\n<div class=\"_2cuy _3dgx _2vxa\" style=\"text-align: left;\"><\/div>\n<figure class=\"_2cuy _4nuy _2vxa\">\n<div class=\"_h2x _h2y\">\n<p><img decoding=\"async\" id=\"u_0_f\" class=\"_h2z _297z _usd img\" src=\"https:\/\/fbcdn-sphotos-a-a.akamaihd.net\/hphotos-ak-xta1\/t31.0-8\/p720x720\/13221366_10153453923646949_1168305454445830043_o.jpg\" alt=\"\">Touchdown Ouganda<\/p>\n<\/div>\n<\/figure>\n<div class=\"_2cuy _3dgx _2vxa\" style=\"text-align: left;\"><\/div>\n<div class=\"_2cuy _3dgx _2vxa\" style=\"text-align: left;\">D\u00e8s mon arriv\u00e9e \u00e0 l'a\u00e9roport, je me suis empress\u00e9 d'assister \u00e0 une r\u00e9union publique avec le conseil d'administration et le personnel d'UBA Ouganda. Ce fut une bonne occasion de nouer des liens et de discuter de nouvelles id\u00e9es efficaces sur la mani\u00e8re dont nous pouvons continuer \u00e0 soutenir nos clients et \u00e0 faciliter les paiements et le commerce intra-africain afin de promouvoir l'int\u00e9gration r\u00e9gionale. C'est une nouvelle \u00e8re d'efficacit\u00e9 et d'efficience pour le Groupe UBA.<\/div>\n<div class=\"_2cuy _3dgx _2vxa\" style=\"text-align: left;\"><\/div>\n<figure class=\"_2cuy _4nuy _2vxa\">\n<div class=\"_h2x _h2y\">\n<p><img decoding=\"async\" id=\"u_0_g\" class=\"_h2z _297z _usd img\" src=\"https:\/\/scontent-amt2-1.xx.fbcdn.net\/t31.0-8\/p720x720\/13227378_10153453926296949_3463676720898919603_o.jpg\" alt=\"\">Le personnel d'UBA Ouganda a un cadeau surprise pour moi !<\/p>\n<div class=\"_h2w _50f8 _50f4\"><\/div>\n<\/div>\n<\/figure>\n<div class=\"_2cuy _3dgx _2vxa\" style=\"text-align: left;\">L'un des moments forts de mon s\u00e9jour en Ouganda a \u00e9t\u00e9 la rencontre avec les entrepreneurs ougandais de Tony Elumelu et leur pr\u00e9sentation \u00e0 leur pr\u00e9sident, M. Yoweri Museveni. Le programme d'entrepreneuriat Tony Elumelu (TEEP) est un engagement de $100 millions pour identifier, former, encadrer et lancer 10 000 entrepreneurs \u00e0 travers l'Afrique au cours des 10 prochaines ann\u00e9es.<\/div>\n<div class=\"_2cuy _3dgx _2vxa\" style=\"text-align: left;\"><\/div>\n<figure class=\"_2cuy _4nuy _2vxa\">\n<div class=\"_h2x _h2y\">\n<p><img decoding=\"async\" id=\"u_0_h\" class=\"_h2z _297z _usd img aligncenter\" src=\"https:\/\/fbcdn-sphotos-c-a.akamaihd.net\/hphotos-ak-xtp1\/t31.0-8\/p720x720\/13268260_10153453924956949_6844491614984233788_o.jpg\" alt=\"\">Rattraper les entrepreneurs ougandais de Tony Elumelu<\/p>\n<\/div>\n<\/figure>\n<div class=\"_2cuy _3dgx _2vxa\" style=\"text-align: left;\"><\/div>\n<div class=\"_2cuy _3dgx _2vxa\" style=\"text-align: left;\">Le programme est ouvert aux citoyens africains, quels que soient leur \u00e2ge, leur sexe, leur nationalit\u00e9, leur niveau d'\u00e9ducation et leur secteur d'activit\u00e9. Nous appelons cela \"d\u00e9mocratiser les opportunit\u00e9s\" et notre objectif est de d\u00e9bloquer 1 million d'emplois et $10 milliards de revenus suppl\u00e9mentaires \u00e0 travers l'Afrique pour la transformation \u00e9conomique du continent. La Fondation Tony Elumelu ne se contente pas de doter les entrepreneurs d'un capital de d\u00e9part, elle fait na\u00eetre une nouvelle g\u00e9n\u00e9ration d'Africapitalistes.<\/div>\n<div class=\"_2cuy _3dgx _2vxa\" style=\"text-align: left;\"><\/div>\n<figure class=\"_2cuy _4nuy _2vxa\">\n<div class=\"_h2x _h2y\">\n<p><img decoding=\"async\" id=\"u_0_i\" class=\"_h2z _297z _usd img aligncenter\" src=\"https:\/\/scontent-amt2-1.xx.fbcdn.net\/t31.0-8\/p720x720\/13254905_10153453924781949_1046351305148601707_o.jpg\" alt=\"\">Parminder et moi partageons un rire avec le pr\u00e9sident Museveni<\/p>\n<\/div>\n<\/figure>\n<div class=\"_2cuy _3dgx _2vxa\" style=\"text-align: left;\"><\/div>\n<div class=\"_2cuy _3dgx _2vxa\" style=\"text-align: left;\">Nous encourageons explicitement une nouvelle g\u00e9n\u00e9ration d'entrepreneurs africains qui, d\u00e8s leur phase de d\u00e9marrage, d\u00e9veloppent et mettent en \u0153uvre des id\u00e9es et des strat\u00e9gies commerciales dans le double but d'obtenir des rendements financiers et d'atteindre des objectifs de d\u00e9veloppement social, tout au long de la cha\u00eene de valeur.<\/div>\n<figure class=\"_2cuy _4nuy _2vxa\">\n<div class=\"_h2x _h2y\">\n<p style=\"text-align: center;\">\u00a0 \u00a0 \u00a0 \u00a0 \u00a0 \u00a0 \u00a0 \u00a0\u00a0<img decoding=\"async\" id=\"u_0_j\" class=\"_h2z _297z _usd img\" src=\"https:\/\/scontent-amt2-1.xx.fbcdn.net\/v\/t1.0-9\/13239486_10153453931011949_1695299613927015318_n.jpg?oh=682cd22f1e083393430e7e5cbf1b9451&amp;oe=57D4E9BB\" alt=\"\">\u00a0 \u00a0 \u00a0 \u00a0 \u00a0 \u00a0 \u00a0 TOE, Parminder (PDG de la Fondation Tony Elumelu), les entrepreneurs ougandais de Tony Elumelu et le pr\u00e9sident Museveni<\/p>\n<\/div>\n<\/figure>\n<div class=\"_2cuy _3dgx _2vxa\" style=\"text-align: left;\"><\/div>\n<div class=\"_2cuy _3dgx _2vxa\" style=\"text-align: left;\"><\/div>\n<div class=\"_2cuy _3dgx _2vxa\" style=\"text-align: left;\">Le moment \u00e9tait \u00e9galement bien choisi pour pr\u00e9senter au pr\u00e9sident les dirigeants de la United Bank of Africa (UBA) en Ouganda. L'UBA est fortement pr\u00e9sente dans 19 pays africains, ainsi qu'\u00e0 New York, Paris et Londres, ce qui confirme son slogan \"Africa's Global Bank\".<\/div>\n<div class=\"_2cuy _3dgx _2vxa\" style=\"text-align: left;\"><\/div>\n<figure class=\"_2cuy _4nuy _2vxa\">\n<div class=\"_h2x _h2y\">\n<p><img decoding=\"async\" id=\"u_0_k\" class=\"_h2z _297z _usd img aligncenter\" src=\"https:\/\/scontent-amt2-1.xx.fbcdn.net\/v\/t1.0-9\/13240603_10153453933516949_4484204857151085129_n.jpg?oh=35e87a04fb6ddfb464db28f982a3bfb6&amp;oe=58065926\" alt=\"\"><\/p>\n<p style=\"text-align: center;\">Les dirigeants d'UBA Ouganda rencontrent le pr\u00e9sident<\/p>\n<\/div>\n<\/figure>\n<div class=\"_2cuy _3dgx _2vxa\" style=\"text-align: left;\"><\/div>\n<div class=\"_2cuy _3dgx _2vxa\" style=\"text-align: left;\">Apr\u00e8s avoir rendu visite au pr\u00e9sident, il \u00e9tait temps de partir pour le Rwanda, le beau pays aux multiples collines.<\/div>\n<div class=\"_2cuy _3dgx _2vxa\" style=\"text-align: left;\">Cette ann\u00e9e, le Forum \u00e9conomique mondial sur l'Afrique s'est concentr\u00e9 sur la quatri\u00e8me r\u00e9volution industrielle et l'impact qu'elle aura sur le continent. La plupart des sessions \u00e9taient centr\u00e9es sur la cr\u00e9ation de strat\u00e9gies dynamiques et efficaces pour encourager le d\u00e9veloppement \u00e0 long terme et la croissance \u00e9conomique continue \u00e0 la lumi\u00e8re des opportunit\u00e9s et des d\u00e9fis auxquels le continent est confront\u00e9.<\/div>\n<div class=\"_2cuy _3dgx _2vxa\" style=\"text-align: left;\">Le lancement de l'initiative MoveAfrica, sur le th\u00e8me \"Moving Goods &amp; Facilitating Trade\" et organis\u00e9 par le Nouveau partenariat pour le d\u00e9veloppement de l'Afrique (NEPAD), a permis aux principales parties prenantes de discuter du mauvais \u00e9tat des infrastructures sur le continent et de son impact sur le commerce et l'int\u00e9gration intrar\u00e9gionaux. Toutefois, j'ai soulign\u00e9 que le fait qu'un plus grand nombre de gouvernements africains per\u00e7oivent et reconnaissent d\u00e9sormais la valeur des corridors r\u00e9gionaux et des autoroutes transsahariennes, ainsi que l'importance de politiques favorables \u00e0 l'am\u00e9lioration des infrastructures, constituait une marque de progr\u00e8s. Si les pays africains peuvent encore cro\u00eetre \u00e0 des taux de 3-5% avec ces d\u00e9fis logistiques, imaginez le type de croissance que nous pourrions avoir avec seulement une am\u00e9lioration de 20% dans notre infrastructure de transport ?<\/div>\n<div class=\"_2cuy _3dgx _2vxa\" style=\"text-align: left;\"><\/div>\n<figure class=\"_2cuy _4nuy _2vxa\">\n<div class=\"_h2x _h2y\">\n<p><img decoding=\"async\" id=\"u_0_l\" class=\"_h2z _297z _usd img aligncenter\" src=\"https:\/\/fbcdn-sphotos-a-a.akamaihd.net\/hphotos-ak-xaf1\/v\/t1.0-9\/13260240_10153453936886949_3202382886319016419_n.png?oh=86fa486ce7e472a981872a3edfdddc2d&amp;oe=580C15E8&amp;__gda__=1472814940_14835cd8768682c1a579a7f47eaac810\" alt=\"\">\u00a0 \u00a0 \u00a0 \u00a0 \u00a0 Au cours de la session du panel Move Africa<\/p>\n<\/div>\n<\/figure>\n<div class=\"_2cuy _3dgx _2vxa\" style=\"text-align: left;\"><\/div>\n<div class=\"_2cuy _3dgx _2vxa\" style=\"text-align: left;\">J'ai ensuite particip\u00e9 \u00e0 la session pl\u00e9ni\u00e8re intitul\u00e9e \"Growth in Africa - Rising or Falling ?\" aux c\u00f4t\u00e9s de Winnie Byanyima, directrice ex\u00e9cutive d'Oxfam International, Daniel Kablan Duncan, premier ministre de C\u00f4te d'Ivoire, et David A. Lipton, premier directeur g\u00e9n\u00e9ral adjoint du Fonds mon\u00e9taire international (FMI).<\/div>\n<div class=\"_2cuy _3dgx _2vxa\" style=\"text-align: left;\"><\/div>\n<figure class=\"_2cuy _4nuy _2vxa\">\n<div class=\"_h2x _h2y\">\n<p><img decoding=\"async\" id=\"u_0_m\" class=\"_h2z _297z _usd img aligncenter\" src=\"https:\/\/scontent-amt2-1.xx.fbcdn.net\/v\/t1.0-9\/13221028_10153453963381949_2320523852129005543_n.jpg?oh=05e22a4db8aea3a0ef365a747a5be026&amp;oe=57D63413\" alt=\"\">\u00a0 \u00a0 \u00a0 \u00a0 \u00a0 \u00a0 \u00a0 \u00a0 \u00a0 \u00a0 \u00a0 \u00a0 \u00a0 \u00a0 \u00a0 \u00a0 \u00a0 \u00a0 \u00a0 \u00a0 \u00a0 \u00a0 Pl\u00e9ni\u00e8re \"Grow Africa\" avec le pr\u00e9sident Kenyatta<\/p>\n<\/div>\n<\/figure>\n<div class=\"_2cuy _3dgx _2vxa\" style=\"text-align: left;\"><\/div>\n<div class=\"_2cuy _3dgx _2vxa\" style=\"text-align: left;\">Le panel \"Grow Africa\" a tent\u00e9 de r\u00e9pondre \u00e0 la question suivante : \"L'Afrique est-elle en train de s'\u00e9lever ou de s'effondrer ?\" Ma r\u00e9ponse est un oui retentissant. L'Afrique est en effet en pleine ascension. Ind\u00e9pendamment de ce que vous avez pu entendre sur l'investissement dans ce continent, l'Afrique reste l'une des destinations d'investissement les plus rentables au monde. J'aimerais disposer de plus de ressources pour investir sur le continent et dans ses habitants. Le potentiel de l'Afrique est illimit\u00e9.<\/div>\n<div class=\"_2cuy _3dgx _2vxa\" style=\"text-align: left;\">Nous ne devons pas h\u00e9siter \u00e0 parler au monde de nos succ\u00e8s en Afrique. Cela incitera d'autres personnes \u00e0 investir ici. Les secteurs public et priv\u00e9 doivent travailler ensemble pour r\u00e9aliser que le d\u00e9veloppement de notre continent d\u00e9pend de nous, les Africains. Comme je l'ai indiqu\u00e9 dans mon entretien avec CNBC Africa, le plus important est de former la prochaine g\u00e9n\u00e9ration de dirigeants africains. C'est pourquoi je me passionne pour l'autonomisation de la jeunesse africaine \u00e0 travers le programme d'entrepreneuriat Tony Elumelu.<\/div>\n<div class=\"_2cuy _3dgx _2vxa\" style=\"text-align: left;\"><\/div>\n<figure class=\"_2cuy _4nuy _2vxa\">\n<div class=\"_h2x _h2y\">\n<p style=\"text-align: center;\">\u00a0 \u00a0 \u00a0 \u00a0 \u00a0 \u00a0 \u00a0 \u00a0 \u00a0 \u00a0 \u00a0 \u00a0 \u00a0 \u00a0 \u00a0 \u00a0 \u00a0 \u00a0 \u00a0 \u00a0 \u00a0 \u00a0 \u00a0 \u00a0 \u00a0 \u00a0 \u00a0 \u00a0 \u00a0 \u00a0 \u00a0 \u00a0 \u00a0 \u00a0 \u00a0 \u00a0 \u00a0 \u00a0 \u00a0 \u00a0 \u00a0 \u00a0 \u00a0 \u00a0 \u00a0 \u00a0 \u00a0 \u00a0 \u00a0\u00a0<img decoding=\"async\" id=\"u_0_n\" class=\"_h2z _297z _usd img\" src=\"https:\/\/scontent-amt2-1.xx.fbcdn.net\/v\/t1.0-9\/13256409_10153453964976949_3076079037652410993_n.png?oh=29d1b49e854d56d4c1741b8091c091d3&amp;oe=57CBDFDF\" alt=\"\">\u00a0 \u00a0 \u00a0 \u00a0 \u00a0 \u00a0 \u00a0 \u00a0 \u00a0 \u00a0 \u00a0 \u00a0 \u00a0 \u00a0 \u00a0 \u00a0 \u00a0 \u00a0 \u00a0 \u00a0 \u00a0 \u00a0 \u00a0 \u00a0 \u00a0 \u00a0 \u00a0 \u00a0 \u00a0 \u00a0 \u00a0 \u00a0 \u00a0 \u00a0 \u00a0 \u00a0 \u00a0 \u00a0 \u00a0 \u00a0 \u00a0 \u00a0 \u00a0 \u00a0 \u00a0 \u00a0 \u00a0 \u00a0 \u00a0 \u00a0 \u00a0 \u00a0 \u00a0 \u00a0 \u00a0Mon interview du CNBC WEF Africa - L'Afrique est en pleine ascension !<\/p>\n<\/div>\n<\/figure>\n<div class=\"_2cuy _3dgx _2vxa\" style=\"text-align: left;\"><\/div>\n<div class=\"_2cuy _3dgx _2vxa\" style=\"text-align: left;\">Le lendemain matin, un petit-d\u00e9jeuner des copr\u00e9sidents a r\u00e9uni toutes les parties prenantes. Il ne fait aucun doute que les trois principaux enjeux pour le continent, tels qu'ils ressortent du Forum \u00e9conomique mondial sur l'Afrique, sont : la cr\u00e9ation d'emplois, l'acc\u00e8s \u00e0 l'\u00e9nergie et les transports. Cependant, ce que j'ai retenu du Rwanda, c'est l'urgence qu'il y a \u00e0 concr\u00e9tiser ces questions - en cr\u00e9ant des opportunit\u00e9s \u00e9conomiques et des emplois sur le continent - afin que nos discussions puissent avoir un sens pour nos populations. Nous devons investir dans la jeunesse africaine afin que notre dividende d\u00e9mographique ne se transforme pas en DOOM DEMOGRAPHIQUE.<\/div>\n<div class=\"_2cuy _3dgx _2vxa\" style=\"text-align: left;\"><\/div>\n<figure class=\"_2cuy _4nuy _2vxa\">\n<div class=\"_h2x _h2y\">\n<p style=\"text-align: center;\">\u00a0 \u00a0 \u00a0 \u00a0 \u00a0 \u00a0 \u00a0 \u00a0 \u00a0 \u00a0 \u00a0 \u00a0<img decoding=\"async\" id=\"u_0_o\" class=\"_h2z _297z _usd img\" src=\"https:\/\/scontent-amt2-1.xx.fbcdn.net\/t31.0-8\/q82\/p720x720\/13268522_10153453942956949_2862421159170509939_o.jpg\" alt=\"\">\u00a0 \u00a0 \u00a0 \u00a0 \u00a0Akin Adesina, pr\u00e9sident de la Banque africaine de d\u00e9veloppement (BAD).<\/p>\n<\/div>\n<\/figure>\n<div class=\"_2cuy _3dgx _2vxa\" style=\"text-align: left;\"><\/div>\n<div class=\"_2cuy _3dgx _2vxa\" style=\"text-align: left;\"><\/div>\n<div class=\"_2cuy _3dgx _2vxa\" style=\"text-align: left;\">Si l'Afrique est en mouvement, nous devons faire en sorte que ce mouvement soit inclusif en donnant aux jeunes Africains les moyens d'agir gr\u00e2ce \u00e0 l'esprit d'entreprise sur tout le continent. Le secteur priv\u00e9 du continent doit faire partie int\u00e9grante de ce mouvement. C'est ainsi que nous pourrons collectivement cr\u00e9er des emplois massifs pour nos jeunes et r\u00e9pondre aux besoins les plus pressants de notre soci\u00e9t\u00e9. Le grand nombre de jeunes qui n'ont pas d'emploi sur le continent accentue la fragilit\u00e9 sociale et \u00e9conomique de l'Afrique.<\/div>\n<div class=\"_2cuy _3dgx _2vxa\" style=\"text-align: left;\"><\/div>\n<figure class=\"_2cuy _4nuy _2vxa\">\n<div class=\"_h2x _h2y\">\n<p style=\"text-align: center;\">\u00a0 \u00a0 \u00a0 \u00a0 \u00a0 \u00a0 \u00a0 \u00a0 \u00a0 \u00a0 \u00a0 \u00a0 \u00a0 \u00a0 \u00a0 \u00a0 \u00a0 \u00a0 \u00a0 \u00a0 \u00a0 \u00a0 \u00a0 \u00a0 \u00a0 \u00a0<img decoding=\"async\" id=\"u_0_p\" class=\"_h2z _297z _usd img\" src=\"https:\/\/scontent-amt2-1.xx.fbcdn.net\/v\/t1.0-9\/13227147_10153453943031949_1940149439742366227_n.jpg?oh=4520fd5eccbd597bf37abca57e599530&amp;oe=57C2894B\" alt=\"\">\u00a0 \u00a0 \u00a0 \u00a0 \u00a0 \u00a0 \u00a0 \u00a0 \u00a0 \u00a0 \u00a0 \u00a0 \u00a0 \u00a0 \u00a0 \u00a0 \u00a0 \u00a0 \u00a0 \u00a0 \u00a0 \u00a0 \u00a0 \u00a0 \u00a0 \u00a0 \u00a0 \u00a0 \u00a0 \u00a0 \u00a0 \u00a0 \u00a0 \u00a0Abimbola (COO de la Fondation Tony Elumelu) et les entrepreneurs rwandais Tony Elumelu<\/p>\n<\/div>\n<\/figure>\n<div class=\"_2cuy _3dgx _2vxa\" style=\"text-align: left;\"><\/div>\n<div class=\"_2cuy _3dgx _2vxa\" style=\"text-align: left;\"><\/div>\n<div class=\"_2cuy _3dgx _2vxa\" style=\"text-align: left;\">Lors de la conf\u00e9rence de presse de nos copr\u00e9sidents, j'ai appel\u00e9 d'autres Africains fortun\u00e9s et des membres de la communaut\u00e9 internationale du d\u00e9veloppement qui veulent aider l'Afrique \u00e0 se d\u00e9velopper v\u00e9ritablement, ainsi que des organisations engag\u00e9es dans l'autonomisation des jeunes et la cr\u00e9ation d'emplois, \u00e0 accepter le reste des 63 000 demandes de notre programme Tony Elumelu pour l'esprit d'entreprise. Le programme a re\u00e7u 65 000 demandes et nous ne pouvons soutenir que 1 000 entrepreneurs par an, conform\u00e9ment aux termes de l'engagement $100m. Pour avoir un impact durable et entamer la transformation que nous souhaitons pour l'Afrique, je vous invite \u00e0 vous associer \u00e0 la Fondation Tony Elumelu pour soutenir les entrepreneurs de notre groupe de candidats non s\u00e9lectionn\u00e9s.<\/div>\n<div class=\"_2cuy _3dgx _2vxa\" style=\"text-align: left;\"><\/div>\n<div class=\"_2cuy _3dgx _2vxa\" style=\"text-align: left;\"><\/div>\n<figure class=\"_2cuy _4nuy _2vxa\">\n<div class=\"_h2x _h2y\">\n<p><img decoding=\"async\" id=\"u_0_q\" class=\"_h2z _297z _usd img aligncenter\" src=\"https:\/\/scontent-amt2-1.xx.fbcdn.net\/t31.0-8\/p720x720\/13243754_10153453945401949_3669194676000067553_o.jpg\" alt=\"\">Avec les autres copr\u00e9sidents, Graca Machel, ancienne premi\u00e8re dame du Mozambique et veuve de Nelson Mandela, et Tarek Sultan Al Esso, vice-pr\u00e9sident du conseil d'administration d'Agility.<\/p>\n<\/div>\n<\/figure>\n<div class=\"_2cuy _3dgx _2vxa\" style=\"text-align: left;\"><\/div>\n<div class=\"_2cuy _3dgx _2vxa\" style=\"text-align: left;\"><\/div>\n<div class=\"_2cuy _3dgx _2vxa\" style=\"text-align: left;\">La Fondation Tony Elumelu a \u00e9galement lanc\u00e9 son r\u00e9cent rapport sur l'\u00e9cosyst\u00e8me agricole du continent, \"Unleashing Africa's Agricultural Entrepreneurs\", au Forum \u00e9conomique mondial. S'exprimant sur le rapport, le ministre kenyan de l'agriculture pr\u00e9sent a d\u00e9clar\u00e9 : \"Vous avez totalement chang\u00e9 notre vision de l'agriculture et de la jeunesse. Nous devons retourner \u00e0 la planche \u00e0 dessin pour revoir nos strat\u00e9gies sur la base de vos conclusions sur la mani\u00e8re de maintenir les jeunes dans l'agriculture et de commercialiser le secteur\". Un \u00e9conomiste principal du NEPAD, \u00e9galement pr\u00e9sent, a conclu qu'il s'agissait de l'\u00e9tude la plus pertinente sur l'agriculture et la jeunesse sur le continent qu'il ait rencontr\u00e9e au cours de sa carri\u00e8re. Beau travail, TEF !<\/div>\n<div class=\"_2cuy _3dgx _2vxa\" style=\"text-align: left;\"><\/div>\n<figure class=\"_2cuy _4nuy _2vxa\">\n<div class=\"_h2x _h2y\">\n<p style=\"text-align: left;\"><img decoding=\"async\" id=\"u_0_r\" class=\"_h2z _297z _usd img\" src=\"https:\/\/scontent-amt2-1.xx.fbcdn.net\/v\/t1.0-9\/13232905_10153453945051949_7413075187853611512_n.jpg?oh=3db041ce4e0f867c67695df47d9c10f7&amp;oe=57CA9C4D\" alt=\"\"><\/p>\n<div class=\"_h2w _50f8 _50f4\" style=\"text-align: left;\">Lancement du rapport sur l'agriculture de la Fondation Tony Elumelu, \"Lib\u00e9rer les entrepreneurs agricoles d'Afrique\", qui a re\u00e7u un accueil tr\u00e8s favorable.<\/div>\n<\/div>\n<\/figure>","protected":false},"excerpt":{"rendered":"<p>La semaine derni\u00e8re, j'ai visit\u00e9 deux pays prometteurs d'Afrique de l'Est : l'Ouganda et le Rwanda. Je me suis rendu en Ouganda pour des engagements li\u00e9s \u00e0 la United Bank of Africa et au programme d'entrepreneuriat de la Fondation Tony Elumelu, tandis que ma visite au Rwanda avait pour but de copr\u00e9sider le Forum \u00e9conomique mondial sur l'Afrique aux c\u00f4t\u00e9s d'Akin Adesina, pr\u00e9sident de l'Union ...<\/p>","protected":false},"author":1,"featured_media":0,"comment_status":"open","ping_status":"closed","sticky":false,"template":"","format":"standard","meta":{"_exactmetrics_skip_tracking":false,"_exactmetrics_sitenote_active":false,"_exactmetrics_sitenote_note":"","_exactmetrics_sitenote_category":0,"cybocfi_hide_featured_image":"","footnotes":""},"categories":[21],"tags":[],"class_list":["post-1197","post","type-post","status-publish","format-standard","hentry","category-blogs"],"_links":{"self":[{"href":"https:\/\/www.heirsholdings.com\/fr\/wp-json\/wp\/v2\/posts\/1197","targetHints":{"allow":["GET"]}}],"collection":[{"href":"https:\/\/www.heirsholdings.com\/fr\/wp-json\/wp\/v2\/posts"}],"about":[{"href":"https:\/\/www.heirsholdings.com\/fr\/wp-json\/wp\/v2\/types\/post"}],"author":[{"embeddable":true,"href":"https:\/\/www.heirsholdings.com\/fr\/wp-json\/wp\/v2\/users\/1"}],"replies":[{"embeddable":true,"href":"https:\/\/www.heirsholdings.com\/fr\/wp-json\/wp\/v2\/comments?post=1197"}],"version-history":[{"count":1,"href":"https:\/\/www.heirsholdings.com\/fr\/wp-json\/wp\/v2\/posts\/1197\/revisions"}],"predecessor-version":[{"id":24752,"href":"https:\/\/www.heirsholdings.com\/fr\/wp-json\/wp\/v2\/posts\/1197\/revisions\/24752"}],"wp:attachment":[{"href":"https:\/\/www.heirsholdings.com\/fr\/wp-json\/wp\/v2\/media?parent=1197"}],"wp:term":[{"taxonomy":"category","embeddable":true,"href":"https:\/\/www.heirsholdings.com\/fr\/wp-json\/wp\/v2\/categories?post=1197"},{"taxonomy":"post_tag","embeddable":true,"href":"https:\/\/www.heirsholdings.com\/fr\/wp-json\/wp\/v2\/tags?post=1197"}],"curies":[{"name":"wp","href":"https:\/\/api.w.org\/{rel}","templated":true}]}}